{"id":163008,"date":"2025-06-05T19:03:12","date_gmt":"2025-06-06T00:03:12","guid":{"rendered":"https:\/\/www.buroperiodistico.com.mx\/?p=163008"},"modified":"2025-06-05T19:03:12","modified_gmt":"2025-06-06T00:03:12","slug":"trabajador-tamaulipeco-se-coloca-en-empresa-agricola-de-canada-mediante-el-programa-de-trabajadores-temporales-extranjeros","status":"publish","type":"post","link":"https:\/\/www.buroperiodistico.com.mx\/?p=163008","title":{"rendered":"Trabajador tamaulipeco se coloca en empresa agr\u00edcola de Canad\u00e1 mediante el Programa de Trabajadores Temporales Extranjeros"},"content":{"rendered":"<p><em><strong><img loading=\"lazy\" decoding=\"async\" class=\" wp-image-163010 alignright\" src=\"https:\/\/www.buroperiodistico.com.mx\/wp-content\/uploads\/2025\/06\/Trabajax.jpeg\" alt=\"\" width=\"516\" height=\"306\" srcset=\"https:\/\/www.buroperiodistico.com.mx\/wp-content\/uploads\/2025\/06\/Trabajax.jpeg 1024w, https:\/\/www.buroperiodistico.com.mx\/wp-content\/uploads\/2025\/06\/Trabajax-300x178.jpeg 300w, https:\/\/www.buroperiodistico.com.mx\/wp-content\/uploads\/2025\/06\/Trabajax-768x455.jpeg 768w\" sizes=\"auto, (max-width: 516px) 100vw, 516px\" \/>Ciudad Victoria, Tamaulipas (5-Junio-2025).-<\/strong><\/em> Como parte de los esfuerzos de la Secretar\u00eda del Trabajo y Previsi\u00f3n Social de Tamaulipas por brindar oportunidades laborales dignas y legales a las y los tamaulipecos, este d\u00eda se realiz\u00f3 la entrega oficial del sobre de viaje al trabajador Rogelio Perales Herrera, originario del municipio de Tula, quien ha sido contratado por la empresa agr\u00edcola Ferme Fran\u00e7ois Gosselin, Inc., en Canad\u00e1, a trav\u00e9s del Programa de Trabajadores Temporales Extranjeros (PTET).<\/p>\n<p>El evento se llev\u00f3 a cabo en las oficinas centrales de la dependencia y fue encabezado por la subsecretaria de Empleo y Previsi\u00f3n Social, Carolina Iveth Mart\u00ednez Molano, quien hizo entrega del paquete documental al trabajador, mismo que contiene la carta compromiso, informaci\u00f3n de vuelo, desglose de ingresos y descuentos, documentaci\u00f3n de env\u00edo para reporte de retorno, carta de autorizaci\u00f3n, pasaporte y copia del LMIA (Labour Market Impact Assessment), elemento clave para la validaci\u00f3n del empleo en territorio canadiense.<\/p>\n<p>Este tipo de historias representan el impulso del gobierno humanista y transformador del Am\u00e9rico Villarreal Anaya, cuya principal misi\u00f3n es brindar a las y los tamaulipecos, oportunidades reales de empleo, con pleno respeto a sus derechos laborales, y bajo mecanismos legales y seguros.<\/p>\n<p>La colocaci\u00f3n de Rogelio Perales Herrera es resultado del proceso de perfilamiento y postulaci\u00f3n realizado por el Servicio Nacional de Empleo (SNE) de Tamaulipas, a trav\u00e9s del cual fue vinculado con la empresa canadiense que solicit\u00f3 personal para el giro agr\u00edcola. Tras cumplir con todos los requisitos y validaciones, fue seleccionado para cumplir un contrato laboral de 7.5 meses, viajando con todas las garant\u00edas necesarias y con el respaldo institucional del estado.<\/p>\n<p>El secretario del Trabajo y Previsi\u00f3n Social, Luis Gerardo Illoldi Reyes, ha reiterado el compromiso de continuar fortaleciendo los esquemas de movilidad laboral internacional como una v\u00eda para mejorar la calidad de vida de las y los trabajadores, fomentando al mismo tiempo la formalidad, la legalidad y la justicia laboral.<\/p>\n<p>Con estas acciones, el Gobierno del Estado de Tamaulipas reafirma su visi\u00f3n de transformaci\u00f3n, centrada en el bienestar de su gente y en la promoci\u00f3n de oportunidades laborales en condiciones de dignidad, respeto y desarrollo.<\/p>\n<p><img loading=\"lazy\" decoding=\"async\" class=\"aligncenter size-full wp-image-163009\" src=\"https:\/\/www.buroperiodistico.com.mx\/wp-content\/uploads\/2025\/06\/Trabajax-I.jpeg\" alt=\"\" width=\"640\" height=\"426\" srcset=\"https:\/\/www.buroperiodistico.com.mx\/wp-content\/uploads\/2025\/06\/Trabajax-I.jpeg 640w, https:\/\/www.buroperiodistico.com.mx\/wp-content\/uploads\/2025\/06\/Trabajax-I-300x200.jpeg 300w\" sizes=\"auto, (max-width: 640px) 100vw, 640px\" \/><\/p>\n","protected":false},"excerpt":{"rendered":"<p>Ciudad Victoria, Tamaulipas (5-Junio-2025).- Como parte de los esfuerzos de la Secretar\u00eda del Trabajo y&#8230;<\/p>\n","protected":false},"author":1,"featured_media":163010,"comment_status":"closed","ping_status":"closed","sticky":false,"template":"","format":"standard","meta":{"footnotes":"","jetpack_publicize_message":"","jetpack_publicize_feature_enabled":true,"jetpack_social_post_already_shared":true,"jetpack_social_options":{"image_generator_settings":{"template":"highway","default_image_id":0,"font":"","enabled":false},"version":2}},"categories":[10],"tags":[],"class_list":["post-163008","post","type-post","status-publish","format-standard","has-post-thumbnail","hentry","category-tamaulipas"],"jetpack_publicize_connections":[],"_links":{"self":[{"href":"https:\/\/www.buroperiodistico.com.mx\/index.php?rest_route=\/wp\/v2\/posts\/163008","targetHints":{"allow":["GET"]}}],"collection":[{"href":"https:\/\/www.buroperiodistico.com.mx\/index.php?rest_route=\/wp\/v2\/posts"}],"about":[{"href":"https:\/\/www.buroperiodistico.com.mx\/index.php?rest_route=\/wp\/v2\/types\/post"}],"author":[{"embeddable":true,"href":"https:\/\/www.buroperiodistico.com.mx\/index.php?rest_route=\/wp\/v2\/users\/1"}],"replies":[{"embeddable":true,"href":"https:\/\/www.buroperiodistico.com.mx\/index.php?rest_route=%2Fwp%2Fv2%2Fcomments&post=163008"}],"version-history":[{"count":0,"href":"https:\/\/www.buroperiodistico.com.mx\/index.php?rest_route=\/wp\/v2\/posts\/163008\/revisions"}],"wp:featuredmedia":[{"embeddable":true,"href":"https:\/\/www.buroperiodistico.com.mx\/index.php?rest_route=\/wp\/v2\/media\/163010"}],"wp:attachment":[{"href":"https:\/\/www.buroperiodistico.com.mx\/index.php?rest_route=%2Fwp%2Fv2%2Fmedia&parent=163008"}],"wp:term":[{"taxonomy":"category","embeddable":true,"href":"https:\/\/www.buroperiodistico.com.mx\/index.php?rest_route=%2Fwp%2Fv2%2Fcategories&post=163008"},{"taxonomy":"post_tag","embeddable":true,"href":"https:\/\/www.buroperiodistico.com.mx\/index.php?rest_route=%2Fwp%2Fv2%2Ftags&post=163008"}],"curies":[{"name":"wp","href":"https:\/\/api.w.org\/{rel}","templated":true}]}}