{"id":162996,"date":"2025-06-05T18:28:27","date_gmt":"2025-06-05T23:28:27","guid":{"rendered":"https:\/\/www.buroperiodistico.com.mx\/?p=162996"},"modified":"2025-06-05T18:28:27","modified_gmt":"2025-06-05T23:28:27","slug":"mc-actua-ante-danos-causados-por-pantallas-en-menores","status":"publish","type":"post","link":"https:\/\/www.buroperiodistico.com.mx\/?p=162996","title":{"rendered":"MC act\u00faa ante da\u00f1os causados por pantallas en menores"},"content":{"rendered":"<p><em><strong><img loading=\"lazy\" decoding=\"async\" class=\" wp-image-162998 alignright\" src=\"https:\/\/www.buroperiodistico.com.mx\/wp-content\/uploads\/2025\/06\/Mcx-1.jpeg\" alt=\"\" width=\"582\" height=\"369\" srcset=\"https:\/\/www.buroperiodistico.com.mx\/wp-content\/uploads\/2025\/06\/Mcx-1.jpeg 1024w, https:\/\/www.buroperiodistico.com.mx\/wp-content\/uploads\/2025\/06\/Mcx-1-300x190.jpeg 300w, https:\/\/www.buroperiodistico.com.mx\/wp-content\/uploads\/2025\/06\/Mcx-1-768x487.jpeg 768w\" sizes=\"auto, (max-width: 582px) 100vw, 582px\" \/>Ciudad Victoria, Tamaulipas (5-Junio-2025).-<\/strong><\/em> Con el objetivo firme en el cuidado de las ni\u00f1as, ni\u00f1os y adolescentes, los diputados de Movimiento Ciudadano, Mayra Benavides y Juan Carlos Zertuche, aprobaron el proyecto afin de proteger la salud mental de los menores por el uso excesivo de dispositivos digitales.<\/p>\n<p>Se\u00f1al\u00f3, la legisladora emecista, que no se puede cerrar los ojos ante a problem\u00e1tica que se vive hoy en d\u00eda con las nuevas generaciones, enfatizando que el uso desmedido puede causarles alteraciones.<\/p>\n<p>\u00abEl uso desmedido de los dispositivos digitales ha derivado en los \u00faltimos tiempos alteraciones del sue\u00f1o, ansiedad, depresi\u00f3n, d\u00e9ficit de atenci\u00f3n, transtornos del desarrollo cognitivo e incluso aislamiento social. Este fen\u00f3meno no es ajeno en nuestro Estado, por el contrario, lo vemos reflejado en los entornos escolares, hogares y convivencia diaria\u00bb, subray\u00f3, Benavides Villafranca.<\/p>\n<p>Exclam\u00f3 que el dictamen esta enfocado en prevenir, hacer consciencia y resposabilidad compartida, mismo que se lograr\u00e1 con la implantaci\u00f3n de campa\u00f1as informativas, capacitaci\u00f3n a docentes, orientaci\u00f3n a padres de familia y protocolos claros.<\/p>\n<p>Benavides Villafranca, resalt\u00f3 que los dispositivos digitales son una herramienta valiosa cuando se utiliza con responsabilidad, no cuando se usa sin l\u00edmites y menos sin supervision de los padres.<\/p>\n<p><img loading=\"lazy\" decoding=\"async\" class=\"aligncenter size-full wp-image-162997\" src=\"https:\/\/www.buroperiodistico.com.mx\/wp-content\/uploads\/2025\/06\/Mcx-I.jpeg\" alt=\"\" width=\"640\" height=\"427\" srcset=\"https:\/\/www.buroperiodistico.com.mx\/wp-content\/uploads\/2025\/06\/Mcx-I.jpeg 640w, https:\/\/www.buroperiodistico.com.mx\/wp-content\/uploads\/2025\/06\/Mcx-I-300x200.jpeg 300w\" sizes=\"auto, (max-width: 640px) 100vw, 640px\" \/><\/p>\n","protected":false},"excerpt":{"rendered":"<p>Ciudad Victoria, Tamaulipas (5-Junio-2025).- Con el objetivo firme en el cuidado de las ni\u00f1as, ni\u00f1os&#8230;<\/p>\n","protected":false},"author":1,"featured_media":162998,"comment_status":"closed","ping_status":"closed","sticky":false,"template":"","format":"standard","meta":{"footnotes":"","jetpack_publicize_message":"","jetpack_publicize_feature_enabled":true,"jetpack_social_post_already_shared":true,"jetpack_social_options":{"image_generator_settings":{"template":"highway","default_image_id":0,"font":"","enabled":false},"version":2}},"categories":[17],"tags":[],"class_list":["post-162996","post","type-post","status-publish","format-standard","has-post-thumbnail","hentry","category-ciudadvictoria"],"jetpack_publicize_connections":[],"_links":{"self":[{"href":"https:\/\/www.buroperiodistico.com.mx\/index.php?rest_route=\/wp\/v2\/posts\/162996","targetHints":{"allow":["GET"]}}],"collection":[{"href":"https:\/\/www.buroperiodistico.com.mx\/index.php?rest_route=\/wp\/v2\/posts"}],"about":[{"href":"https:\/\/www.buroperiodistico.com.mx\/index.php?rest_route=\/wp\/v2\/types\/post"}],"author":[{"embeddable":true,"href":"https:\/\/www.buroperiodistico.com.mx\/index.php?rest_route=\/wp\/v2\/users\/1"}],"replies":[{"embeddable":true,"href":"https:\/\/www.buroperiodistico.com.mx\/index.php?rest_route=%2Fwp%2Fv2%2Fcomments&post=162996"}],"version-history":[{"count":0,"href":"https:\/\/www.buroperiodistico.com.mx\/index.php?rest_route=\/wp\/v2\/posts\/162996\/revisions"}],"wp:featuredmedia":[{"embeddable":true,"href":"https:\/\/www.buroperiodistico.com.mx\/index.php?rest_route=\/wp\/v2\/media\/162998"}],"wp:attachment":[{"href":"https:\/\/www.buroperiodistico.com.mx\/index.php?rest_route=%2Fwp%2Fv2%2Fmedia&parent=162996"}],"wp:term":[{"taxonomy":"category","embeddable":true,"href":"https:\/\/www.buroperiodistico.com.mx\/index.php?rest_route=%2Fwp%2Fv2%2Fcategories&post=162996"},{"taxonomy":"post_tag","embeddable":true,"href":"https:\/\/www.buroperiodistico.com.mx\/index.php?rest_route=%2Fwp%2Fv2%2Ftags&post=162996"}],"curies":[{"name":"wp","href":"https:\/\/api.w.org\/{rel}","templated":true}]}}