{"id":162989,"date":"2025-06-05T17:26:31","date_gmt":"2025-06-05T22:26:31","guid":{"rendered":"https:\/\/www.buroperiodistico.com.mx\/?p=162989"},"modified":"2025-06-05T17:26:31","modified_gmt":"2025-06-05T22:26:31","slug":"participa-maki-ortiz-en-parlamento-latino-por-dia-mundial-del-medio-ambiente","status":"publish","type":"post","link":"https:\/\/www.buroperiodistico.com.mx\/?p=162989","title":{"rendered":"PARTICIPA MAKI ORTIZ EN PARLAMENTO LATINO POR D\u00cdA MUNDIAL DEL MEDIO AMBIENTE"},"content":{"rendered":"<p><em><strong><img loading=\"lazy\" decoding=\"async\" class=\" wp-image-162990 alignright\" src=\"https:\/\/www.buroperiodistico.com.mx\/wp-content\/uploads\/2025\/06\/Partixi.jpeg\" alt=\"\" width=\"485\" height=\"319\" srcset=\"https:\/\/www.buroperiodistico.com.mx\/wp-content\/uploads\/2025\/06\/Partixi.jpeg 1024w, https:\/\/www.buroperiodistico.com.mx\/wp-content\/uploads\/2025\/06\/Partixi-300x197.jpeg 300w, https:\/\/www.buroperiodistico.com.mx\/wp-content\/uploads\/2025\/06\/Partixi-768x506.jpeg 768w, https:\/\/www.buroperiodistico.com.mx\/wp-content\/uploads\/2025\/06\/Partixi-720x475.jpeg 720w\" sizes=\"auto, (max-width: 485px) 100vw, 485px\" \/>POR MIGUEL ANGEL DOM\u00cdNGUEZ<\/strong><\/em><\/p>\n<p><em><strong>PANAM\u00c1. (Junio 5, de 2025).-<\/strong><\/em> Como presidenta de la Comisi\u00f3n de Medio Ambiente del Senado de M\u00e9xico, la doctora Maki Esther Ortiz Dom\u00ednguez participa en el Parlamento Latinoamericano y del Caribe que se realiza en la Rep\u00fablica de Panam\u00e1.<\/p>\n<p>\u201cEn el D\u00eda Mundial del Medio Ambiente, participo en la reuni\u00f3n del Parlamento Latinoamericano y Caribe\u00f1o en la ciudad de Panam\u00e1\u201d, inform\u00f3 Maki Ortiz en sus redes sociales.<br \/>\nSuscribi\u00f3 que atendiendo los retos regionales frente al cambio clim\u00e1tico, la transici\u00f3n energ\u00e9tica y el uso sostenible del agua toma parte de la delegaci\u00f3n mexicana.<\/p>\n<p>\u201cReconozco el trabajo del presidente del Parlatino, el Diputado Rolando Gonz\u00e1lez Patricio y el de mis compa\u00f1eros senadores Chuya D\u00edaz, el Sen. \u00c1ngel Garc\u00eda Y\u00e1\u00f1ez y la Diputada Nancy S\u00e1nchez Arredondo\u201d, agreg\u00f3.<\/p>\n<p>\u201cComo presidenta de la Comisi\u00f3n de Medio Ambiente del Senado de la Rep\u00fablica, reafirmo que la cooperaci\u00f3n regional es clave para lograr un cambio real\u201d, precis\u00f3<br \/>\nLa senadora de Reynosa puntualiz\u00f3 que la soluci\u00f3n a los problemas ambientales globales est\u00e1 en la cooperaci\u00f3n de los pa\u00edses en pro de pol\u00edticas p\u00fablicas sustentables ante el cambio clim\u00e1tico.<br \/>\n\u201cLa soluci\u00f3n est\u00e1 en<br \/>\nen nuestras manos:<br \/>\nReforestaci\u00f3n \u2022 Agricultura sostenible \u2022 Reducci\u00f3n de emisiones \u2022 Financiamiento clim\u00e1tico \u2022 Reconocimiento a los pueblos ind\u00edgenas\u201d, enumer\u00f3.<\/p>\n<p>\u201c\u00a1\ud835\uddd4\ud835\uddf0\ud835\ude01\ud835\ude02\ud835\uddf2\ud835\uddfa\ud835\uddfc\ud835\ude00 \ud835\ude06\ud835\uddee \ud835\uddfd\ud835\uddee\ud835\uddff\ud835\uddee \ud835\uddf3\ud835\uddff\ud835\uddf2\ud835\uddfb\ud835\uddee\ud835\uddff \ud835\uddf2\ud835\uddf9 \ud835\uddf0\ud835\uddee\ud835\uddf9\ud835\uddf2\ud835\uddfb\ud835\ude01\ud835\uddee\ud835\uddfa\ud835\uddf6\ud835\uddf2\ud835\uddfb\ud835\ude01\ud835\uddfc \ud835\uddf4\ud835\uddf9\ud835\uddfc\ud835\uddef\ud835\uddee\ud835\uddf9!\u201d, enfatiz\u00f3.<\/p>\n<p><img loading=\"lazy\" decoding=\"async\" class=\"aligncenter size-full wp-image-162991\" src=\"https:\/\/www.buroperiodistico.com.mx\/wp-content\/uploads\/2025\/06\/Partixi-I.jpeg\" alt=\"\" width=\"640\" height=\"360\" srcset=\"https:\/\/www.buroperiodistico.com.mx\/wp-content\/uploads\/2025\/06\/Partixi-I.jpeg 640w, https:\/\/www.buroperiodistico.com.mx\/wp-content\/uploads\/2025\/06\/Partixi-I-300x169.jpeg 300w\" sizes=\"auto, (max-width: 640px) 100vw, 640px\" \/> <img loading=\"lazy\" decoding=\"async\" class=\"aligncenter size-full wp-image-162992\" src=\"https:\/\/www.buroperiodistico.com.mx\/wp-content\/uploads\/2025\/06\/Partixi-II.jpeg\" alt=\"\" width=\"640\" height=\"480\" srcset=\"https:\/\/www.buroperiodistico.com.mx\/wp-content\/uploads\/2025\/06\/Partixi-II.jpeg 640w, https:\/\/www.buroperiodistico.com.mx\/wp-content\/uploads\/2025\/06\/Partixi-II-300x225.jpeg 300w\" sizes=\"auto, (max-width: 640px) 100vw, 640px\" \/> <img loading=\"lazy\" decoding=\"async\" class=\"aligncenter size-full wp-image-162993\" src=\"https:\/\/www.buroperiodistico.com.mx\/wp-content\/uploads\/2025\/06\/Partixi-III.jpeg\" alt=\"\" width=\"480\" height=\"640\" srcset=\"https:\/\/www.buroperiodistico.com.mx\/wp-content\/uploads\/2025\/06\/Partixi-III.jpeg 480w, https:\/\/www.buroperiodistico.com.mx\/wp-content\/uploads\/2025\/06\/Partixi-III-225x300.jpeg 225w\" sizes=\"auto, (max-width: 480px) 100vw, 480px\" \/> <img loading=\"lazy\" decoding=\"async\" class=\"aligncenter size-full wp-image-162994\" src=\"https:\/\/www.buroperiodistico.com.mx\/wp-content\/uploads\/2025\/06\/Partixi-IIII.jpeg\" alt=\"\" width=\"385\" height=\"640\" srcset=\"https:\/\/www.buroperiodistico.com.mx\/wp-content\/uploads\/2025\/06\/Partixi-IIII.jpeg 385w, https:\/\/www.buroperiodistico.com.mx\/wp-content\/uploads\/2025\/06\/Partixi-IIII-180x300.jpeg 180w\" sizes=\"auto, (max-width: 385px) 100vw, 385px\" \/><\/p>\n","protected":false},"excerpt":{"rendered":"<p>POR MIGUEL ANGEL DOM\u00cdNGUEZ PANAM\u00c1. (Junio 5, de 2025).- Como presidenta de la Comisi\u00f3n de&#8230;<\/p>\n","protected":false},"author":1,"featured_media":162990,"comment_status":"closed","ping_status":"closed","sticky":false,"template":"","format":"standard","meta":{"footnotes":"","jetpack_publicize_message":"","jetpack_publicize_feature_enabled":true,"jetpack_social_post_already_shared":true,"jetpack_social_options":{"image_generator_settings":{"template":"highway","default_image_id":0,"font":"","enabled":false},"version":2}},"categories":[11,25],"tags":[],"class_list":["post-162989","post","type-post","status-publish","format-standard","has-post-thumbnail","hentry","category-nacional","category-portada"],"jetpack_publicize_connections":[],"_links":{"self":[{"href":"https:\/\/www.buroperiodistico.com.mx\/index.php?rest_route=\/wp\/v2\/posts\/162989","targetHints":{"allow":["GET"]}}],"collection":[{"href":"https:\/\/www.buroperiodistico.com.mx\/index.php?rest_route=\/wp\/v2\/posts"}],"about":[{"href":"https:\/\/www.buroperiodistico.com.mx\/index.php?rest_route=\/wp\/v2\/types\/post"}],"author":[{"embeddable":true,"href":"https:\/\/www.buroperiodistico.com.mx\/index.php?rest_route=\/wp\/v2\/users\/1"}],"replies":[{"embeddable":true,"href":"https:\/\/www.buroperiodistico.com.mx\/index.php?rest_route=%2Fwp%2Fv2%2Fcomments&post=162989"}],"version-history":[{"count":0,"href":"https:\/\/www.buroperiodistico.com.mx\/index.php?rest_route=\/wp\/v2\/posts\/162989\/revisions"}],"wp:featuredmedia":[{"embeddable":true,"href":"https:\/\/www.buroperiodistico.com.mx\/index.php?rest_route=\/wp\/v2\/media\/162990"}],"wp:attachment":[{"href":"https:\/\/www.buroperiodistico.com.mx\/index.php?rest_route=%2Fwp%2Fv2%2Fmedia&parent=162989"}],"wp:term":[{"taxonomy":"category","embeddable":true,"href":"https:\/\/www.buroperiodistico.com.mx\/index.php?rest_route=%2Fwp%2Fv2%2Fcategories&post=162989"},{"taxonomy":"post_tag","embeddable":true,"href":"https:\/\/www.buroperiodistico.com.mx\/index.php?rest_route=%2Fwp%2Fv2%2Ftags&post=162989"}],"curies":[{"name":"wp","href":"https:\/\/api.w.org\/{rel}","templated":true}]}}