{"id":162985,"date":"2025-06-05T17:20:15","date_gmt":"2025-06-05T22:20:15","guid":{"rendered":"https:\/\/www.buroperiodistico.com.mx\/?p=162985"},"modified":"2025-06-05T17:20:15","modified_gmt":"2025-06-05T22:20:15","slug":"dif-nuevo-laredo-entrega-lentes-a-menores-como-resultado-de-la-brigada-infantil-tocando-corazones","status":"publish","type":"post","link":"https:\/\/www.buroperiodistico.com.mx\/?p=162985","title":{"rendered":"DIF NUEVO LAREDO ENTREGA LENTES A MENORES COMO RESULTADO DE LA BRIGADA INFANTIL \u201cTOCANDO CORAZONES\u201d"},"content":{"rendered":"<p dir=\"ltr\"><em><strong><img loading=\"lazy\" decoding=\"async\" class=\" wp-image-162987 alignright\" src=\"https:\/\/www.buroperiodistico.com.mx\/wp-content\/uploads\/2025\/06\/DIF-LENTES.jpg\" alt=\"\" width=\"482\" height=\"294\" srcset=\"https:\/\/www.buroperiodistico.com.mx\/wp-content\/uploads\/2025\/06\/DIF-LENTES.jpg 1024w, https:\/\/www.buroperiodistico.com.mx\/wp-content\/uploads\/2025\/06\/DIF-LENTES-300x183.jpg 300w, https:\/\/www.buroperiodistico.com.mx\/wp-content\/uploads\/2025\/06\/DIF-LENTES-768x468.jpg 768w\" sizes=\"auto, (max-width: 482px) 100vw, 482px\" \/>Nuevo Laredo, Tam (5-Junio-2025).-<\/strong><\/em> Como parte de los resultados de la brigada de salud infantil \u201cTocando Corazones\u201d, realizada en abril, el Sistema para el Desarrollo Integral de la Familia (DIF) de Nuevo Laredo llev\u00f3 a cabo la entrega de lentes a 35 ni\u00f1as y ni\u00f1os que, de acuerdo con el examen realizado por la optometrista, presentaban problemas visuales.<\/p>\n<p dir=\"ltr\">Este servicio especial fue ofrecido a los menores que asistieron a la brigada, donde se les realiz\u00f3 un estudio optom\u00e9trico con el objetivo de detectar deficiencias visuales. Aquellos que requer\u00edan lentes pudieron adquirirlos a bajo costo gracias a las gestiones del DIF y el trabajo conjunto con proveedores especializados.<\/p>\n<p dir=\"ltr\">La presidenta del Sistema DIF, Claudette Canturosas Villarreal, destac\u00f3 la importancia de esta acci\u00f3n enfocada en el bienestar infantil:<\/p>\n<p dir=\"ltr\">\u201cQueremos que cada ni\u00f1a y ni\u00f1o pueda crecer sano, feliz y con las herramientas necesarias para aprender. Por eso, trabajamos de la mano con sus familias para seguir tocando corazones\u201d, expres\u00f3.<\/p>\n<p dir=\"ltr\">Durante mayo, tambi\u00e9n se llev\u00f3 a cabo una brigada especial de atenci\u00f3n para las madres de familia. Pr\u00f3ximamente, como parte de las acciones conmemorativas por el D\u00eda del Padre, se realizar\u00e1 una brigada enfocada en brindar servicios y apoyos a los padres de familia.<\/p>\n<p dir=\"ltr\"><img loading=\"lazy\" decoding=\"async\" class=\"aligncenter size-full wp-image-162986\" src=\"https:\/\/www.buroperiodistico.com.mx\/wp-content\/uploads\/2025\/06\/DIF-LENTES-I.jpg\" alt=\"\" width=\"640\" height=\"427\" srcset=\"https:\/\/www.buroperiodistico.com.mx\/wp-content\/uploads\/2025\/06\/DIF-LENTES-I.jpg 640w, https:\/\/www.buroperiodistico.com.mx\/wp-content\/uploads\/2025\/06\/DIF-LENTES-I-300x200.jpg 300w\" sizes=\"auto, (max-width: 640px) 100vw, 640px\" \/><\/p>\n","protected":false},"excerpt":{"rendered":"<p>Nuevo Laredo, Tam (5-Junio-2025).- Como parte de los resultados de la brigada de salud infantil&#8230;<\/p>\n","protected":false},"author":1,"featured_media":162987,"comment_status":"closed","ping_status":"closed","sticky":false,"template":"","format":"standard","meta":{"footnotes":"","jetpack_publicize_message":"","jetpack_publicize_feature_enabled":true,"jetpack_social_post_already_shared":true,"jetpack_social_options":{"image_generator_settings":{"template":"highway","default_image_id":0,"font":"","enabled":false},"version":2}},"categories":[16],"tags":[],"class_list":["post-162985","post","type-post","status-publish","format-standard","has-post-thumbnail","hentry","category-nuevolaredo"],"jetpack_publicize_connections":[],"_links":{"self":[{"href":"https:\/\/www.buroperiodistico.com.mx\/index.php?rest_route=\/wp\/v2\/posts\/162985","targetHints":{"allow":["GET"]}}],"collection":[{"href":"https:\/\/www.buroperiodistico.com.mx\/index.php?rest_route=\/wp\/v2\/posts"}],"about":[{"href":"https:\/\/www.buroperiodistico.com.mx\/index.php?rest_route=\/wp\/v2\/types\/post"}],"author":[{"embeddable":true,"href":"https:\/\/www.buroperiodistico.com.mx\/index.php?rest_route=\/wp\/v2\/users\/1"}],"replies":[{"embeddable":true,"href":"https:\/\/www.buroperiodistico.com.mx\/index.php?rest_route=%2Fwp%2Fv2%2Fcomments&post=162985"}],"version-history":[{"count":0,"href":"https:\/\/www.buroperiodistico.com.mx\/index.php?rest_route=\/wp\/v2\/posts\/162985\/revisions"}],"wp:featuredmedia":[{"embeddable":true,"href":"https:\/\/www.buroperiodistico.com.mx\/index.php?rest_route=\/wp\/v2\/media\/162987"}],"wp:attachment":[{"href":"https:\/\/www.buroperiodistico.com.mx\/index.php?rest_route=%2Fwp%2Fv2%2Fmedia&parent=162985"}],"wp:term":[{"taxonomy":"category","embeddable":true,"href":"https:\/\/www.buroperiodistico.com.mx\/index.php?rest_route=%2Fwp%2Fv2%2Fcategories&post=162985"},{"taxonomy":"post_tag","embeddable":true,"href":"https:\/\/www.buroperiodistico.com.mx\/index.php?rest_route=%2Fwp%2Fv2%2Ftags&post=162985"}],"curies":[{"name":"wp","href":"https:\/\/api.w.org\/{rel}","templated":true}]}}