{"id":162963,"date":"2025-06-05T16:35:09","date_gmt":"2025-06-05T21:35:09","guid":{"rendered":"https:\/\/www.buroperiodistico.com.mx\/?p=162963"},"modified":"2025-06-05T22:34:47","modified_gmt":"2025-06-06T03:34:47","slug":"inauguro-carlos-pena-ortiz-ecofest-reynosa-en-la-semana-mundial-del-medio-ambiente","status":"publish","type":"post","link":"https:\/\/www.buroperiodistico.com.mx\/?p=162963","title":{"rendered":"Inaugur\u00f3 Carlos Pe\u00f1a Ortiz, ECOFEST Reynosa en la Semana Mundial del Medio Ambiente"},"content":{"rendered":"<p><em><strong><img loading=\"lazy\" decoding=\"async\" class=\" wp-image-163062 alignright\" src=\"https:\/\/www.buroperiodistico.com.mx\/wp-content\/uploads\/2025\/06\/CPOX.jpg\" alt=\"\" width=\"514\" height=\"278\" srcset=\"https:\/\/www.buroperiodistico.com.mx\/wp-content\/uploads\/2025\/06\/CPOX.jpg 1110w, https:\/\/www.buroperiodistico.com.mx\/wp-content\/uploads\/2025\/06\/CPOX-300x162.jpg 300w, https:\/\/www.buroperiodistico.com.mx\/wp-content\/uploads\/2025\/06\/CPOX-1024x554.jpg 1024w, https:\/\/www.buroperiodistico.com.mx\/wp-content\/uploads\/2025\/06\/CPOX-768x415.jpg 768w\" sizes=\"auto, (max-width: 514px) 100vw, 514px\" \/>Reynosa, Tam (5-Junio-2025).-<\/strong><\/em> El ECOFEST Reynosa 2025 fue inaugurado por el Presidente Municipal Carlos Pe\u00f1a Ortiz, quien resalt\u00f3 lo importante de coincidir sociedad y Gobierno por el cuidado de nuestro entorno, este jueves 5 de junio D\u00eda Mundial del Medio Ambiente con un evento en el Parque Cultural.<\/p>\n<p>\u00abSe requiere del apoyo de todos los ciudadanos para tener un cambio verdadero y poder construir la ciudad que queremos\u00bb, dijo el Alcalde al felicitar a los asistentes y pedir de su apoyo para denunciar los tiraderos de basura clandestinos y ser part\u00edcipes del cuidado del medio ambiente.<\/p>\n<p>Un reconocimiento a su participaci\u00f3n en el ECOFEST recibieron: Edgar Garza Hern\u00e1ndez, Rector de la UTTN; ARCA Continental, y Grecia Daniela Jim\u00e9nez Pe\u00f1a, Directora del Parque Cultural Reynosa, en presencia de la Secretaria de Desarrollo Urbano y Medio Ambiente, Noehmi Alem\u00e1n Hern\u00e1ndez y Aar\u00f3n Misael De la Cruz Ch\u00e1vez, Director de Medio Ambiente del Gobierno Municipal.<\/p>\n<p><img loading=\"lazy\" decoding=\"async\" class=\"aligncenter size-full wp-image-163063\" src=\"https:\/\/www.buroperiodistico.com.mx\/wp-content\/uploads\/2025\/06\/CPOX-I-1.jpeg\" alt=\"\" width=\"640\" height=\"426\" srcset=\"https:\/\/www.buroperiodistico.com.mx\/wp-content\/uploads\/2025\/06\/CPOX-I-1.jpeg 640w, https:\/\/www.buroperiodistico.com.mx\/wp-content\/uploads\/2025\/06\/CPOX-I-1-300x200.jpeg 300w\" sizes=\"auto, (max-width: 640px) 100vw, 640px\" \/><\/p>\n","protected":false},"excerpt":{"rendered":"<p>Reynosa, Tam (5-Junio-2025).- El ECOFEST Reynosa 2025 fue inaugurado por el Presidente Municipal Carlos Pe\u00f1a&#8230;<\/p>\n","protected":false},"author":1,"featured_media":163062,"comment_status":"closed","ping_status":"closed","sticky":false,"template":"","format":"standard","meta":{"footnotes":"","jetpack_publicize_message":"","jetpack_publicize_feature_enabled":true,"jetpack_social_post_already_shared":true,"jetpack_social_options":{"image_generator_settings":{"template":"highway","default_image_id":0,"font":"","enabled":false},"version":2}},"categories":[25,9],"tags":[],"class_list":["post-162963","post","type-post","status-publish","format-standard","has-post-thumbnail","hentry","category-portada","category-reynosa"],"jetpack_publicize_connections":[],"_links":{"self":[{"href":"https:\/\/www.buroperiodistico.com.mx\/index.php?rest_route=\/wp\/v2\/posts\/162963","targetHints":{"allow":["GET"]}}],"collection":[{"href":"https:\/\/www.buroperiodistico.com.mx\/index.php?rest_route=\/wp\/v2\/posts"}],"about":[{"href":"https:\/\/www.buroperiodistico.com.mx\/index.php?rest_route=\/wp\/v2\/types\/post"}],"author":[{"embeddable":true,"href":"https:\/\/www.buroperiodistico.com.mx\/index.php?rest_route=\/wp\/v2\/users\/1"}],"replies":[{"embeddable":true,"href":"https:\/\/www.buroperiodistico.com.mx\/index.php?rest_route=%2Fwp%2Fv2%2Fcomments&post=162963"}],"version-history":[{"count":0,"href":"https:\/\/www.buroperiodistico.com.mx\/index.php?rest_route=\/wp\/v2\/posts\/162963\/revisions"}],"wp:featuredmedia":[{"embeddable":true,"href":"https:\/\/www.buroperiodistico.com.mx\/index.php?rest_route=\/wp\/v2\/media\/163062"}],"wp:attachment":[{"href":"https:\/\/www.buroperiodistico.com.mx\/index.php?rest_route=%2Fwp%2Fv2%2Fmedia&parent=162963"}],"wp:term":[{"taxonomy":"category","embeddable":true,"href":"https:\/\/www.buroperiodistico.com.mx\/index.php?rest_route=%2Fwp%2Fv2%2Fcategories&post=162963"},{"taxonomy":"post_tag","embeddable":true,"href":"https:\/\/www.buroperiodistico.com.mx\/index.php?rest_route=%2Fwp%2Fv2%2Ftags&post=162963"}],"curies":[{"name":"wp","href":"https:\/\/api.w.org\/{rel}","templated":true}]}}