{"id":162952,"date":"2025-06-05T15:57:02","date_gmt":"2025-06-05T20:57:02","guid":{"rendered":"https:\/\/www.buroperiodistico.com.mx\/?p=162952"},"modified":"2025-06-05T15:57:02","modified_gmt":"2025-06-05T20:57:02","slug":"entrega-carmen-lilia-canturosas-beca-deportiva-a-300-atletas-de-nuevo-laredo","status":"publish","type":"post","link":"https:\/\/www.buroperiodistico.com.mx\/?p=162952","title":{"rendered":"ENTREGA CARMEN LILIA CANTUROSAS BECA DEPORTIVA A 300 ATLETAS DE NUEVO LAREDO\u00a0"},"content":{"rendered":"<p dir=\"ltr\"><em><strong><img loading=\"lazy\" decoding=\"async\" class=\" wp-image-162957 alignright\" src=\"https:\/\/www.buroperiodistico.com.mx\/wp-content\/uploads\/2025\/06\/CLCR-BECAS-DEPORTIVAS.jpg\" alt=\"\" width=\"543\" height=\"319\" srcset=\"https:\/\/www.buroperiodistico.com.mx\/wp-content\/uploads\/2025\/06\/CLCR-BECAS-DEPORTIVAS.jpg 1024w, https:\/\/www.buroperiodistico.com.mx\/wp-content\/uploads\/2025\/06\/CLCR-BECAS-DEPORTIVAS-300x176.jpg 300w, https:\/\/www.buroperiodistico.com.mx\/wp-content\/uploads\/2025\/06\/CLCR-BECAS-DEPORTIVAS-768x452.jpg 768w\" sizes=\"auto, (max-width: 543px) 100vw, 543px\" \/>Nuevo Laredo, Tam (5-Junio-2025).-<\/strong><\/em>\u00a0Con el firme compromiso de seguir impulsando el desarrollo del deporte en Nuevo Laredo, la presidenta municipal Carmen Lilia Canturosas Villarreal encabez\u00f3 la entrega de tarjetas de la Beca Municipal \u201cJuntos por el Talento Deportivo 2025\u201d, beneficiando a 300 atletas y entrenadores de distintas disciplinas deportivas.<\/p>\n<p dir=\"ltr\">\u201cSeguimos construyendo un Nuevo Laredo m\u00e1s fuerte y competitivo. Esta beca es una muestra del reconocimiento que como gobierno hacemos al talento deportivo local, porque sabemos del esfuerzo y disciplina que implica representar dignamente a nuestra ciudad\u201d, expres\u00f3 la alcaldesa durante el evento.<\/p>\n<p dir=\"ltr\">Esta iniciativa forma parte de una estrategia municipal para apoyar a la poblaci\u00f3n neolaredense de 6 a\u00f1os en adelante que practica alguna disciplina deportiva, ya sea de forma organizada o independiente, dot\u00e1ndolos de las herramientas necesarias para continuar con su preparaci\u00f3n y participaci\u00f3n en competencias locales, estatales y nacionales.<\/p>\n<p dir=\"ltr\">Gracias a este programa, en esta nueva edici\u00f3n 2025 se destin\u00f3 una inversi\u00f3n de 5 millones de pesos, beneficiando a 300 atletas y entrenadores, lo que representa un importante apoyo a su trayectoria y metas deportivas.<\/p>\n<p dir=\"ltr\">\u201cGracias por ser la mejor aliada de todas y todos los deportistas de Nuevo LAredo, sin duda esta beca ser\u00e1 de gran beneficio para alcanzar nuestros objetivos como deportistas y seguir representando a Nuevo Laredo con orgullo\u201d, destac\u00f3\u00a0 Ileana Caballero Medina, atleta beneficiada.<\/p>\n<p dir=\"ltr\">Entre las disciplinas contempladas por esta beca se encuentran: ciclismo, artes marciales, taekwondo, front\u00f3n, gimnasia art\u00edstica y r\u00edtmica, atletismo, fisicoculturismo, b\u00e9isbol, s\u00f3ftbol, f\u00fatbol soccer, b\u00e1squetbol (5&#215;5 y 3&#215;3), karate do, boliche, voleibol de sala y de playa, tiro con arco, deporte adaptado, ajedrez, aguas abiertas, nataci\u00f3n, rodeo, charrer\u00eda, boxeo, golf, entre otros.<\/p>\n<p dir=\"ltr\">Cabe destacar que durante la administraci\u00f3n municipal de Canturosas Villarreal en el periodo 2021\u20132024, el Gobierno Municipal lanz\u00f3 la convocatoria UNE al Talento Deportivo, una beca destinada a respaldar a deportistas y entrenadores que han representado exitosamente a Nuevo Laredo en competencias avaladas por la Comisi\u00f3n Nacional de Cultura F\u00edsica y Deporte (CONADE) o sus respectivas federaciones deportivas.<\/p>\n<p dir=\"ltr\">Con estas acciones, la presidenta municipal Carmen Lilia Canturosas reafirma su compromiso con el desarrollo integral de la ni\u00f1ez y juventud neolaredense, y con la construcci\u00f3n de una sociedad m\u00e1s saludable, activa y con oportunidades reales de crecimiento a trav\u00e9s del deporte.<\/p>\n<p dir=\"ltr\"><img loading=\"lazy\" decoding=\"async\" class=\"aligncenter size-full wp-image-162953\" src=\"https:\/\/www.buroperiodistico.com.mx\/wp-content\/uploads\/2025\/06\/CLCR-BECAS-DEPORTIVAS-I.jpg\" alt=\"\" width=\"640\" height=\"428\" srcset=\"https:\/\/www.buroperiodistico.com.mx\/wp-content\/uploads\/2025\/06\/CLCR-BECAS-DEPORTIVAS-I.jpg 640w, https:\/\/www.buroperiodistico.com.mx\/wp-content\/uploads\/2025\/06\/CLCR-BECAS-DEPORTIVAS-I-300x201.jpg 300w\" sizes=\"auto, (max-width: 640px) 100vw, 640px\" \/> <img loading=\"lazy\" decoding=\"async\" class=\"aligncenter size-full wp-image-162956\" src=\"https:\/\/www.buroperiodistico.com.mx\/wp-content\/uploads\/2025\/06\/CLCR-BECAS-DEPORTIVAS-IIII.jpg\" alt=\"\" width=\"640\" height=\"428\" srcset=\"https:\/\/www.buroperiodistico.com.mx\/wp-content\/uploads\/2025\/06\/CLCR-BECAS-DEPORTIVAS-IIII.jpg 640w, https:\/\/www.buroperiodistico.com.mx\/wp-content\/uploads\/2025\/06\/CLCR-BECAS-DEPORTIVAS-IIII-300x201.jpg 300w\" sizes=\"auto, (max-width: 640px) 100vw, 640px\" \/> <img loading=\"lazy\" decoding=\"async\" class=\"aligncenter size-full wp-image-162955\" src=\"https:\/\/www.buroperiodistico.com.mx\/wp-content\/uploads\/2025\/06\/CLCR-BECAS-DEPORTIVAS-III.jpg\" alt=\"\" width=\"640\" height=\"428\" srcset=\"https:\/\/www.buroperiodistico.com.mx\/wp-content\/uploads\/2025\/06\/CLCR-BECAS-DEPORTIVAS-III.jpg 640w, https:\/\/www.buroperiodistico.com.mx\/wp-content\/uploads\/2025\/06\/CLCR-BECAS-DEPORTIVAS-III-300x201.jpg 300w\" sizes=\"auto, (max-width: 640px) 100vw, 640px\" \/> <img loading=\"lazy\" decoding=\"async\" class=\"aligncenter size-full wp-image-162954\" src=\"https:\/\/www.buroperiodistico.com.mx\/wp-content\/uploads\/2025\/06\/CLCR-BECAS-DEPORTIVAS-II.jpg\" alt=\"\" width=\"640\" height=\"428\" srcset=\"https:\/\/www.buroperiodistico.com.mx\/wp-content\/uploads\/2025\/06\/CLCR-BECAS-DEPORTIVAS-II.jpg 640w, https:\/\/www.buroperiodistico.com.mx\/wp-content\/uploads\/2025\/06\/CLCR-BECAS-DEPORTIVAS-II-300x201.jpg 300w\" sizes=\"auto, (max-width: 640px) 100vw, 640px\" \/><\/p>\n","protected":false},"excerpt":{"rendered":"<p>Nuevo Laredo, Tam (5-Junio-2025).-\u00a0Con el firme compromiso de seguir impulsando el desarrollo del deporte en&#8230;<\/p>\n","protected":false},"author":1,"featured_media":162957,"comment_status":"closed","ping_status":"closed","sticky":false,"template":"","format":"standard","meta":{"footnotes":"","jetpack_publicize_message":"","jetpack_publicize_feature_enabled":true,"jetpack_social_post_already_shared":true,"jetpack_social_options":{"image_generator_settings":{"template":"highway","default_image_id":0,"font":"","enabled":false},"version":2}},"categories":[16,25],"tags":[],"class_list":["post-162952","post","type-post","status-publish","format-standard","has-post-thumbnail","hentry","category-nuevolaredo","category-portada"],"jetpack_publicize_connections":[],"_links":{"self":[{"href":"https:\/\/www.buroperiodistico.com.mx\/index.php?rest_route=\/wp\/v2\/posts\/162952","targetHints":{"allow":["GET"]}}],"collection":[{"href":"https:\/\/www.buroperiodistico.com.mx\/index.php?rest_route=\/wp\/v2\/posts"}],"about":[{"href":"https:\/\/www.buroperiodistico.com.mx\/index.php?rest_route=\/wp\/v2\/types\/post"}],"author":[{"embeddable":true,"href":"https:\/\/www.buroperiodistico.com.mx\/index.php?rest_route=\/wp\/v2\/users\/1"}],"replies":[{"embeddable":true,"href":"https:\/\/www.buroperiodistico.com.mx\/index.php?rest_route=%2Fwp%2Fv2%2Fcomments&post=162952"}],"version-history":[{"count":0,"href":"https:\/\/www.buroperiodistico.com.mx\/index.php?rest_route=\/wp\/v2\/posts\/162952\/revisions"}],"wp:featuredmedia":[{"embeddable":true,"href":"https:\/\/www.buroperiodistico.com.mx\/index.php?rest_route=\/wp\/v2\/media\/162957"}],"wp:attachment":[{"href":"https:\/\/www.buroperiodistico.com.mx\/index.php?rest_route=%2Fwp%2Fv2%2Fmedia&parent=162952"}],"wp:term":[{"taxonomy":"category","embeddable":true,"href":"https:\/\/www.buroperiodistico.com.mx\/index.php?rest_route=%2Fwp%2Fv2%2Fcategories&post=162952"},{"taxonomy":"post_tag","embeddable":true,"href":"https:\/\/www.buroperiodistico.com.mx\/index.php?rest_route=%2Fwp%2Fv2%2Ftags&post=162952"}],"curies":[{"name":"wp","href":"https:\/\/api.w.org\/{rel}","templated":true}]}}