{"id":150768,"date":"2025-03-16T16:27:31","date_gmt":"2025-03-16T21:27:31","guid":{"rendered":"https:\/\/www.buroperiodistico.com.mx\/?p=150768"},"modified":"2025-03-16T16:27:31","modified_gmt":"2025-03-16T21:27:31","slug":"presentara-el-teatro-del-pueblo-de-la-expo-reynosa-2025-a-los-tigres-del-norte","status":"publish","type":"post","link":"https:\/\/www.buroperiodistico.com.mx\/?p=150768","title":{"rendered":"Presentar\u00e1 el Teatro del Pueblo de la Expo Reynosa 2025 a Los Tigres del Norte"},"content":{"rendered":"<p><em><strong><img loading=\"lazy\" decoding=\"async\" class=\"size-full wp-image-150769 alignright\" src=\"https:\/\/www.buroperiodistico.com.mx\/wp-content\/uploads\/2025\/03\/Jefexx-I.jpg\" alt=\"\" width=\"480\" height=\"480\" srcset=\"https:\/\/www.buroperiodistico.com.mx\/wp-content\/uploads\/2025\/03\/Jefexx-I.jpg 480w, https:\/\/www.buroperiodistico.com.mx\/wp-content\/uploads\/2025\/03\/Jefexx-I-300x300.jpg 300w, https:\/\/www.buroperiodistico.com.mx\/wp-content\/uploads\/2025\/03\/Jefexx-I-150x150.jpg 150w\" sizes=\"auto, (max-width: 480px) 100vw, 480px\" \/>Reynosa, Tam (16-Marzo-2025).-<\/strong><\/em> El Presidente Municipal Carlos Pe\u00f1a Ortiz extiende una cordial invitaci\u00f3n a la poblaci\u00f3n de la regi\u00f3n y del Valle del Sur de Texas para que asistan esta noche a la Expo Reynosa 2025, donde el Teatro del Pueblo contar\u00e1 con la estelar actuaci\u00f3n de Los Tigres del Norte, una de las agrupaciones musicales m\u00e1s emblem\u00e1ticas y queridas de M\u00e9xico.<\/p>\n<p>La Expo es un evento que busca promover la unidad, la diversi\u00f3n y el desarrollo econ\u00f3mico y cultural de la regi\u00f3n. Con la participaci\u00f3n de los Tigres del Norte, se espera una noche llena de emoci\u00f3n, m\u00fasica y alegr\u00eda.<\/p>\n<p>No te pierdas la oportunidad de disfrutar de una noche inolvidable con los Tigres del Norte en la Expo Reynosa 2025. \u00a1Asiste y vive la emoci\u00f3n de esta gran agrupaci\u00f3n musical!<\/p>\n<p>#ReynosaImparable<br \/>\n#GobiernoMunicipalDeReynosa<\/p>\n","protected":false},"excerpt":{"rendered":"<p>Reynosa, Tam (16-Marzo-2025).- El Presidente Municipal Carlos Pe\u00f1a Ortiz extiende una cordial invitaci\u00f3n a la&#8230;<\/p>\n","protected":false},"author":1,"featured_media":150770,"comment_status":"closed","ping_status":"closed","sticky":false,"template":"","format":"standard","meta":{"footnotes":"","jetpack_publicize_message":"","jetpack_publicize_feature_enabled":true,"jetpack_social_post_already_shared":true,"jetpack_social_options":{"image_generator_settings":{"template":"highway","default_image_id":0,"font":"","enabled":false},"version":2}},"categories":[25,9],"tags":[],"class_list":["post-150768","post","type-post","status-publish","format-standard","has-post-thumbnail","hentry","category-portada","category-reynosa"],"jetpack_publicize_connections":[],"_links":{"self":[{"href":"https:\/\/www.buroperiodistico.com.mx\/index.php?rest_route=\/wp\/v2\/posts\/150768","targetHints":{"allow":["GET"]}}],"collection":[{"href":"https:\/\/www.buroperiodistico.com.mx\/index.php?rest_route=\/wp\/v2\/posts"}],"about":[{"href":"https:\/\/www.buroperiodistico.com.mx\/index.php?rest_route=\/wp\/v2\/types\/post"}],"author":[{"embeddable":true,"href":"https:\/\/www.buroperiodistico.com.mx\/index.php?rest_route=\/wp\/v2\/users\/1"}],"replies":[{"embeddable":true,"href":"https:\/\/www.buroperiodistico.com.mx\/index.php?rest_route=%2Fwp%2Fv2%2Fcomments&post=150768"}],"version-history":[{"count":0,"href":"https:\/\/www.buroperiodistico.com.mx\/index.php?rest_route=\/wp\/v2\/posts\/150768\/revisions"}],"wp:featuredmedia":[{"embeddable":true,"href":"https:\/\/www.buroperiodistico.com.mx\/index.php?rest_route=\/wp\/v2\/media\/150770"}],"wp:attachment":[{"href":"https:\/\/www.buroperiodistico.com.mx\/index.php?rest_route=%2Fwp%2Fv2%2Fmedia&parent=150768"}],"wp:term":[{"taxonomy":"category","embeddable":true,"href":"https:\/\/www.buroperiodistico.com.mx\/index.php?rest_route=%2Fwp%2Fv2%2Fcategories&post=150768"},{"taxonomy":"post_tag","embeddable":true,"href":"https:\/\/www.buroperiodistico.com.mx\/index.php?rest_route=%2Fwp%2Fv2%2Ftags&post=150768"}],"curies":[{"name":"wp","href":"https:\/\/api.w.org\/{rel}","templated":true}]}}