{"id":144589,"date":"2025-01-31T17:50:32","date_gmt":"2025-01-31T23:50:32","guid":{"rendered":"https:\/\/www.buroperiodistico.com.mx\/?p=144589"},"modified":"2025-01-31T17:50:32","modified_gmt":"2025-01-31T23:50:32","slug":"refineria-madero-alcanza-en-el-2024-su-maxima-produccion-anual-en-una-decada","status":"publish","type":"post","link":"https:\/\/www.buroperiodistico.com.mx\/?p=144589","title":{"rendered":"Refiner\u00eda Madero alcanza en el 2024 su m\u00e1xima producci\u00f3n anual en una d\u00e9cada"},"content":{"rendered":"<p><em><strong>Fuente: Milenio &#8211; V\u00edctor Hugo Dur\u00e1n<\/strong><\/em><\/p>\n<p><em><strong><img loading=\"lazy\" decoding=\"async\" class=\" wp-image-144590 alignright\" src=\"https:\/\/www.buroperiodistico.com.mx\/wp-content\/uploads\/2025\/01\/Refinex.jpeg\" alt=\"\" width=\"626\" height=\"363\" srcset=\"https:\/\/www.buroperiodistico.com.mx\/wp-content\/uploads\/2025\/01\/Refinex.jpeg 1024w, https:\/\/www.buroperiodistico.com.mx\/wp-content\/uploads\/2025\/01\/Refinex-300x174.jpeg 300w, https:\/\/www.buroperiodistico.com.mx\/wp-content\/uploads\/2025\/01\/Refinex-768x446.jpeg 768w\" sizes=\"auto, (max-width: 626px) 100vw, 626px\" \/>Ciudad de M\u00e9xico (31 de enero de 2025).-<\/strong><\/em> Tras la inversi\u00f3n sexenal de 11 mil millones de pesos, el a\u00f1o pasado logr\u00f3 un promedio de 112 mil barriles. IP local reclam\u00f3 quedar fuera de las maniobras.<\/p>\n<p>La producci\u00f3n de petrol\u00edferos y derivados en la refiner\u00eda Francisco I. Madero termin\u00f3 el 2024 como la m\u00e1s alta de manera anual en una d\u00e9cada, con un promedio de 112 mil barriles diarios, luego de el gasto aplicado por el gobierno federal para labores de mantenimiento y rehabilitaci\u00f3n superior a los 11 mil millones de pesos, esto en los \u00faltimos seis a\u00f1os.<\/p>\n<p>El complejo de Petr\u00f3leos Mexicanos (Pemex) ubicado en la zona sur de Tamaulipas, obtuvo con la anterior una utilizaci\u00f3n del 60 por ciento, registrando incrementos considerables en productos como las gasolinas Magna o Regular y el Di\u00e9sel, aunque persiste la generaci\u00f3n de Combust\u00f3leo, inform\u00f3 El Sistema Nacional de Refinaci\u00f3n (SNR).<\/p>\n<p>Lo anterior se present\u00f3 pese a los reclamos de la iniciativa privada local en participar dentro de la estrategia emprendida en conjunto con la Secretar\u00eda de Energ\u00eda. Tanto el Cl\u00faster de Petr\u00f3leo, Energ\u00eda y Gas (Cepegas), como la C\u00e1mara Mexicana de la Industria de la Construcci\u00f3n (CMIC), recalcaron no solo quedar fuera de las maniobras, tambi\u00e9n aumentar el presupuesto a este complejo.<\/p>\n<p>La Base de Datos Institucional public\u00f3 los n\u00fameros finales sobre el desempe\u00f1o de sus siete plantas ubicadas en el pa\u00eds, que a\u00f1ade a Minatitl\u00e1n, Cadereyta, Salina Cruz, Salamanca, Tula y Dos Bocas, public\u00f3 que creci\u00f3 32 por ciento en comparaci\u00f3n al 2023, etapa que finaliz\u00f3 con 75 mil 646 barriles al d\u00eda. El m\u00e1ximo lo tuvo en el 2022, con 98 mil barriles.<\/p>\n<p>La instalaci\u00f3n con m\u00e1s de 100 a\u00f1os de operaciones, fue integrada en una estrategia lanzada por el expresidente Andr\u00e9s Manuel L\u00f3pez Obrador de rescatar este y todos los centros de refinaci\u00f3n propiedad de la ahora empresa p\u00fablica. Su objetivo fue subir el n\u00famero de combustibles y evitar la importaci\u00f3n desde Estados Unidos.<\/p>\n<p>Para esto, en los recientes 6 a\u00f1os destinaron m\u00e1s de 11 mil millones de pesos. De acuerdo con el portal de Transparencia Presupuestaria, las actividades se concentraron en la rehabilitaci\u00f3n de la planta coquizadora, mejorar la funci\u00f3n de la planta tratadora de aguas residuales, incluso impulsar un tren energ\u00e9tico que fortaleciera este plan. Para este 2025, la administraci\u00f3n de Claudia Sheinbaum Pardo program\u00f3 2.6 mil millones de pesos.<\/p>\n<p>\u201cNuestra solicitud siempre fue ser beneficiados de esas maniobras realizadas por Pemex en la refiner\u00eda. No tuvimos la participaci\u00f3n deseada como suced\u00eda en el pasado. A\u00fan as\u00ed, vemos que todas las instalaciones, incluidos los ductos, necesitan con urgencia ser rehabilitados\u201d, declar\u00f3 el titular del Cl\u00faster Benito Torres Ram\u00edrez, d\u00f3nde participan cerca de 100 empresas.<\/p>\n<p>Entre 2019 y 2022, el Observatorio del Sector de la Construcci\u00f3n de la CMIC Tamaulipas public\u00f3 tras las revisiones hechas a la plataforma Compranet, compa\u00f1\u00edas del giro sin afiliaci\u00f3n como radicadas fuera del estado a quienes la ex paraestatal les otorg\u00f3 contratos.<\/p>\n<p>\u201cTenemos un buen n\u00famero de afiliados con experiencia en temas de refiner\u00eda, pero sin estar considerados\u201d, puntualiz\u00f3 el titular Pablo Haro Panduro.<\/p>\n","protected":false},"excerpt":{"rendered":"<p>Fuente: Milenio &#8211; V\u00edctor Hugo Dur\u00e1n Ciudad de M\u00e9xico (31 de enero de 2025).- Tras&#8230;<\/p>\n","protected":false},"author":1,"featured_media":144590,"comment_status":"closed","ping_status":"closed","sticky":false,"template":"","format":"standard","meta":{"footnotes":"","jetpack_publicize_message":"","jetpack_publicize_feature_enabled":true,"jetpack_social_post_already_shared":true,"jetpack_social_options":{"image_generator_settings":{"template":"highway","default_image_id":0,"font":"","enabled":false},"version":2}},"categories":[11],"tags":[],"class_list":["post-144589","post","type-post","status-publish","format-standard","has-post-thumbnail","hentry","category-nacional"],"jetpack_publicize_connections":[],"_links":{"self":[{"href":"https:\/\/www.buroperiodistico.com.mx\/index.php?rest_route=\/wp\/v2\/posts\/144589","targetHints":{"allow":["GET"]}}],"collection":[{"href":"https:\/\/www.buroperiodistico.com.mx\/index.php?rest_route=\/wp\/v2\/posts"}],"about":[{"href":"https:\/\/www.buroperiodistico.com.mx\/index.php?rest_route=\/wp\/v2\/types\/post"}],"author":[{"embeddable":true,"href":"https:\/\/www.buroperiodistico.com.mx\/index.php?rest_route=\/wp\/v2\/users\/1"}],"replies":[{"embeddable":true,"href":"https:\/\/www.buroperiodistico.com.mx\/index.php?rest_route=%2Fwp%2Fv2%2Fcomments&post=144589"}],"version-history":[{"count":0,"href":"https:\/\/www.buroperiodistico.com.mx\/index.php?rest_route=\/wp\/v2\/posts\/144589\/revisions"}],"wp:featuredmedia":[{"embeddable":true,"href":"https:\/\/www.buroperiodistico.com.mx\/index.php?rest_route=\/wp\/v2\/media\/144590"}],"wp:attachment":[{"href":"https:\/\/www.buroperiodistico.com.mx\/index.php?rest_route=%2Fwp%2Fv2%2Fmedia&parent=144589"}],"wp:term":[{"taxonomy":"category","embeddable":true,"href":"https:\/\/www.buroperiodistico.com.mx\/index.php?rest_route=%2Fwp%2Fv2%2Fcategories&post=144589"},{"taxonomy":"post_tag","embeddable":true,"href":"https:\/\/www.buroperiodistico.com.mx\/index.php?rest_route=%2Fwp%2Fv2%2Ftags&post=144589"}],"curies":[{"name":"wp","href":"https:\/\/api.w.org\/{rel}","templated":true}]}}