{"id":144586,"date":"2025-01-31T17:49:09","date_gmt":"2025-01-31T23:49:09","guid":{"rendered":"https:\/\/www.buroperiodistico.com.mx\/?p=144586"},"modified":"2025-01-31T17:49:09","modified_gmt":"2025-01-31T23:49:09","slug":"atoraria-contrato-sindical-sociedad-de-ip-con-pemex","status":"publish","type":"post","link":"https:\/\/www.buroperiodistico.com.mx\/?p=144586","title":{"rendered":"Atorar\u00eda contrato sindical sociedad de IP con Pemex"},"content":{"rendered":"<p><strong>Fuente: Reforma &#8211; El Norte Staff<\/strong><\/p>\n<p><strong><img loading=\"lazy\" decoding=\"async\" class=\" wp-image-144587 alignright\" src=\"https:\/\/www.buroperiodistico.com.mx\/wp-content\/uploads\/2025\/01\/Pemex-2.jpeg\" alt=\"\" width=\"618\" height=\"361\" srcset=\"https:\/\/www.buroperiodistico.com.mx\/wp-content\/uploads\/2025\/01\/Pemex-2.jpeg 1024w, https:\/\/www.buroperiodistico.com.mx\/wp-content\/uploads\/2025\/01\/Pemex-2-300x175.jpeg 300w, https:\/\/www.buroperiodistico.com.mx\/wp-content\/uploads\/2025\/01\/Pemex-2-768x449.jpeg 768w\" sizes=\"auto, (max-width: 618px) 100vw, 618px\" \/>Ciudad de M\u00e9xico.-<\/strong> Conforme a las iniciativas de leyes secundarias en materia de hidrocarburos, Pemex podr\u00e1 asociarse con empresas privadas para distintos proyectos, pero un actor puede complicar el prop\u00f3sito de productividad: el sindicato petrolero.<\/p>\n<p>Dentro de los esquemas de inversi\u00f3n para exploraci\u00f3n y extracci\u00f3n, se propone una figura que permite a Pemex asignaciones para realizar contratos de desarrollo mixto, asoci\u00e1ndose con privados.<\/p>\n<p>El prop\u00f3sito, seg\u00fan la iniciativa, es que Pemex complemente sus capacidades y financiamiento.<\/p>\n<p>Sin embargo, lo que estar\u00e1 por definirse es el papel del sindicato petrolero y definir cu\u00e1les ser\u00e1n las condiciones laborales establecidas y si \u00e9stas ser\u00e1n impuestas a los socios privados.<\/p>\n<p>Aunque el contrato colectivo de trabajo entre Pemex y su sindicato contempla escenarios de regulaci\u00f3n e interacci\u00f3n con otras empresas, en la modalidad de los denominados contratos mixtos, el sindicato puede imponer sus condiciones laborales y limitar las capacidades productivas de los proyectos.<\/p>\n","protected":false},"excerpt":{"rendered":"<p>Fuente: Reforma &#8211; El Norte Staff Ciudad de M\u00e9xico.- Conforme a las iniciativas de leyes&#8230;<\/p>\n","protected":false},"author":1,"featured_media":144587,"comment_status":"closed","ping_status":"closed","sticky":false,"template":"","format":"standard","meta":{"footnotes":"","jetpack_publicize_message":"","jetpack_publicize_feature_enabled":true,"jetpack_social_post_already_shared":true,"jetpack_social_options":{"image_generator_settings":{"template":"highway","default_image_id":0,"font":"","enabled":false},"version":2}},"categories":[11],"tags":[],"class_list":["post-144586","post","type-post","status-publish","format-standard","has-post-thumbnail","hentry","category-nacional"],"jetpack_publicize_connections":[],"_links":{"self":[{"href":"https:\/\/www.buroperiodistico.com.mx\/index.php?rest_route=\/wp\/v2\/posts\/144586","targetHints":{"allow":["GET"]}}],"collection":[{"href":"https:\/\/www.buroperiodistico.com.mx\/index.php?rest_route=\/wp\/v2\/posts"}],"about":[{"href":"https:\/\/www.buroperiodistico.com.mx\/index.php?rest_route=\/wp\/v2\/types\/post"}],"author":[{"embeddable":true,"href":"https:\/\/www.buroperiodistico.com.mx\/index.php?rest_route=\/wp\/v2\/users\/1"}],"replies":[{"embeddable":true,"href":"https:\/\/www.buroperiodistico.com.mx\/index.php?rest_route=%2Fwp%2Fv2%2Fcomments&post=144586"}],"version-history":[{"count":0,"href":"https:\/\/www.buroperiodistico.com.mx\/index.php?rest_route=\/wp\/v2\/posts\/144586\/revisions"}],"wp:featuredmedia":[{"embeddable":true,"href":"https:\/\/www.buroperiodistico.com.mx\/index.php?rest_route=\/wp\/v2\/media\/144587"}],"wp:attachment":[{"href":"https:\/\/www.buroperiodistico.com.mx\/index.php?rest_route=%2Fwp%2Fv2%2Fmedia&parent=144586"}],"wp:term":[{"taxonomy":"category","embeddable":true,"href":"https:\/\/www.buroperiodistico.com.mx\/index.php?rest_route=%2Fwp%2Fv2%2Fcategories&post=144586"},{"taxonomy":"post_tag","embeddable":true,"href":"https:\/\/www.buroperiodistico.com.mx\/index.php?rest_route=%2Fwp%2Fv2%2Ftags&post=144586"}],"curies":[{"name":"wp","href":"https:\/\/api.w.org\/{rel}","templated":true}]}}