{"id":144583,"date":"2025-01-31T17:47:27","date_gmt":"2025-01-31T23:47:27","guid":{"rendered":"https:\/\/www.buroperiodistico.com.mx\/?p=144583"},"modified":"2025-01-31T17:47:27","modified_gmt":"2025-01-31T23:47:27","slug":"operativo-no-cargues-aqui-de-profeco-tiene-fallas-a-mejorar-para-no-desalentar-inversion-e-innovacion-de-gasolineras-especialista","status":"publish","type":"post","link":"https:\/\/www.buroperiodistico.com.mx\/?p=144583","title":{"rendered":"Operativo No cargues aqu\u00ed de Profeco tiene fallas a mejorar para no desalentar inversi\u00f3n e innovaci\u00f3n de gasolineras: especialista"},"content":{"rendered":"<p><em><strong>Fuente: Milenio &#8211; Miriam Ram\u00edrez<\/strong><\/em><\/p>\n<p><em><strong><img loading=\"lazy\" decoding=\"async\" class=\" wp-image-144584 alignright\" src=\"https:\/\/www.buroperiodistico.com.mx\/wp-content\/uploads\/2025\/01\/Prodx.jpeg\" alt=\"\" width=\"566\" height=\"331\" srcset=\"https:\/\/www.buroperiodistico.com.mx\/wp-content\/uploads\/2025\/01\/Prodx.jpeg 1024w, https:\/\/www.buroperiodistico.com.mx\/wp-content\/uploads\/2025\/01\/Prodx-300x175.jpeg 300w, https:\/\/www.buroperiodistico.com.mx\/wp-content\/uploads\/2025\/01\/Prodx-768x449.jpeg 768w\" sizes=\"auto, (max-width: 566px) 100vw, 566px\" \/>Ciudad de M\u00e9xico (31 de enero de 2025).-<\/strong><\/em> El pasado 3 de enero, Iv\u00e1n Escalante, titular de Profeco, anunci\u00f3 que en la segunda semana del a\u00f1o iniciar\u00eda con visitas f\u00edsicas a gasolineras y expondr\u00eda con lonas a aquellas con los precios m\u00e1s caros.<\/p>\n<p>La Profeco arranc\u00f3 el a\u00f1o con el operativo \u201cNo cargues aqu\u00ed, se vuelan la barda con los precios\u201d que expone a estaciones de servicio que venden la gasolina m\u00e1s cara en M\u00e9xico. Sin embargo, este tipo de acciones desalienta la inversi\u00f3n y la innovaci\u00f3n en el sector debido a que no distingue qu\u00e9 oferta es de menor o mayor calidad, donde \u00e9sta \u00faltima suele costar m\u00e1s, consider\u00f3 Alejandro Montufar Hel\u00fa Jim\u00e9nez, CEO de la plataforma Petrointelligence.<\/p>\n<p>\u201cCuando en Profeco ponen la lona y no distingue a las estaciones de servicio de mejor calidad y de mayor valor y las estandarizan con las estaciones de servicio que s\u00ed pueden estar dando un precio alto de manera abusiva, ah\u00ed se genera una distorsi\u00f3n\u201d, expres\u00f3 Hel\u00fa Jim\u00e9nez en entrevista con MILENIO.<\/p>\n<p>EL DATO \u00bfCu\u00e1l es la labor de la Profeco?<\/p>\n<p>La Profeco revisa que los proveedores y empresas no abusen de los consumidores cuando les venden sus productos y servicios.<\/p>\n<p>El pasado 3 de enero, Iv\u00e1n Escalante, titular de la Procuradur\u00eda Federal del Consumidor (Profeco), anunci\u00f3 en la conferencia matutina de la presidenta Claudia Sheinbaum que el organismo iniciar\u00eda en la segunda semana del a\u00f1o visitas f\u00edsicas a las gasolineras y expondr\u00eda a aquellas con los precios m\u00e1s caros.<\/p>\n<p>\u201cIremos f\u00edsicamente a colgar unas lonas \u2014con este dise\u00f1o\u2014 para se\u00f1alar a aquellos gasolineros que \u201cse vuelan la barda\u201d con lo que ganan a cada litro de gasolina\u201d, expuso en su momento.<\/p>\n<p>Las lonas colocadas por la Profeco en las estaciones de servicio contienen la leyenda: \u201cNo cargues aqu\u00ed, se vuelan la barda con los precios\u201d.<\/p>\n<p>\u201cProfeco, dentro de su margen de actuaci\u00f3n, no solamente va a estar denunciando aqu\u00ed las gasolineras que tienen precios mayores, sino que tambi\u00e9n va a ir a las propias gasolineras a ponerles un tache para que la gente sepa: si est\u00e1n dentro del margen o no, de lo que debe ser el precio de la gasolina\u201d, dijo en la misma conferencia matutina la Presidenta de M\u00e9xico.<\/p>\n<p>No obstante, para el 27 de enero, el procurador federal del Consumidor anunci\u00f3 una reuni\u00f3n con empresarios del sector para analizar la operaci\u00f3n o implementaci\u00f3n de estas acciones, que de acuerdo con el CEO de Petrointelligence contiene fallas o deficiencias que afectan adem\u00e1s la imagen de las empresas.<\/p>\n<p>\u201cLa idea de la Profeco es buena, o sea, el objetivo del programa es bueno, el tema de la implementaci\u00f3n es donde estamos observando fallas que est\u00e1n generando estas distorsiones\u201d, asegur\u00f3.<\/p>\n<p>\u201cSi el combustible no es de la misma calidad, el servicio no es de la misma calidad, entonces no puedes considerar que todas las estaciones de todos los precios bajos est\u00e1n en la misma clasificaci\u00f3n\u201d, a\u00f1adi\u00f3.<\/p>\n<p>Alejandro Montufar Hel\u00fa Jim\u00e9nez, CEO de Petrointelligence, consider\u00f3 que se debe \u201ctener cuidado\u201d, porque el programa de pol\u00edtica p\u00fablica que implementa el gobierno mexicano tiene como objetivo informar al usuario, para que pueda tomar decisiones eficientes en la compra del combustible.<\/p>\n<p>Pero, \u201cla implementaci\u00f3n tiene \u00e1reas de oportunidad. \u00bfPor qu\u00e9? Porque un precio por ser alto per se (por s\u00ed mismo) no es malo. Un producto puede ser caro si es que es de buena calidad; por supuesto que en los combustibles hay calidades distintas\u201d, asegur\u00f3.<\/p>\n<p>Precio de la gasolina; \u00bfC\u00f3mo se determina?<\/p>\n<p>El CEO de Petrointelligence expuso que cada gasolinera o estaci\u00f3n de servicio ofrece una oferta distinta y no s\u00f3lo hablando de combustibles, debido a que existen aquellas que tambi\u00e9n cuentan con tiendas de conveniencia, una variedad de productos para el auto, tales como aceites o anticongelantes, as\u00ed como una ubicaci\u00f3n, imagen o calidad que destaca respecto a otras.<\/p>\n<p>\u201cHay estaciones de servicio en el norte (del pa\u00eds) que las est\u00e1n vistiendo con los equipos de f\u00fatbol. Entonces, hay estaciones donde el consumidor si est\u00e1 dispuesto a pagar m\u00e1s porque es una oferta de mayor valor\u201d, asegur\u00f3.<\/p>\n<p>\u201cMientras m\u00e1s innovaci\u00f3n y mejor servicio, por supuesto, los costos de operaci\u00f3n incrementan\u201d, agreg\u00f3.<\/p>\n<p>Lo anterior, no quiere decir que no existan casos en los que hay precios altos que no tienen una raz\u00f3n de ser, por lo que explic\u00f3 c\u00f3mo es que se determina el costo de los combustibles.<\/p>\n<p>De acuerdo con el especialista, los precios de la gasolina en M\u00e9xico se determinan con base en la cadena de valor, es decir, a trav\u00e9s de las actividades que se realizan para que este producto llegue a la estaci\u00f3n de servicio y de la cual los consumidores pueden llenar el tanque.<\/p>\n<p>El precio de la gasolina se estipula seg\u00fan los siguientes factores:<br \/>\n-40% Valor de la mol\u00e9cula (materia prima de la gasolina).<br \/>\n-40% Impuestos (IEPS e IVA) que cobra el gobierno.<br \/>\n-20% Costo de la cadena de valor, que van desde el importador, el comercializador, la pipa, el buque, la terminal, el ducto, hasta la estaci\u00f3n de servicio.<\/p>\n<p>Mejoras impulsar\u00e1n la inversi\u00f3n en sector gasolinero<\/p>\n<p>Otro de los puntos que el directivo se\u00f1al\u00f3, es la organizaci\u00f3n gubernamental en el que se est\u00e1n duplicando labores de organismos importantes como lo es la Profeco, que es defender a los consumidores y la Cofece (Comisi\u00f3n Federal de Competencia Econ\u00f3mica) que debe vigilar la competencia de precios.<\/p>\n<p>La Cofece tiene la funci\u00f3n de vigilar y promover que las empresas compitan entre s\u00ed para que exista mayor variedad, m\u00e1s calidad y mejores precios de los bienes y servicios en los mercados.<\/p>\n<p>\u201cEstamos viendo ah\u00ed un efecto negativo en el bienestar social y una gran pregunta, es decir, qu\u00e9 va a pasar cuando la Cofece est\u00e9 bajo la Secretar\u00eda de Econom\u00eda operando\u201d, cuestion\u00f3.<\/p>\n<p>EL DATO \u00bfQu\u00e9 suceder\u00e1 con la Cofece?<\/p>\n<p>El a\u00f1o pasado, se dio a conocer que la Comisi\u00f3n de Federal de Competencia Econ\u00f3mica (Cofece) pasar\u00e1 de ser un organismo aut\u00f3nomo constitucional a uno descentralizado con personalidad jur\u00eddica y patrimonio propios adscrito a la Secretar\u00eda de Econom\u00eda.<\/p>\n<p>Por lo anterior, estima que se podr\u00eda ver un reajuste de esta pol\u00edtica p\u00fablica a trav\u00e9s del operativo a gasolinas: No cargues aqu\u00ed, con el que hoy se colocan estas lonas en las estaciones de servicio, para evitar duplicidad de labores y distorsi\u00f3n de la informaci\u00f3n que se ofrezca a los consumidores.<\/p>\n<p>Record\u00f3 que durante la administraci\u00f3n de Andr\u00e9s Manuel L\u00f3pez Obrador, con el Qui\u00e9n es qui\u00e9n en los precios, tambi\u00e9n presentado por la Profeco, se detect\u00f3 que el traspaso de los incrementos de precios de las gasolinas a los usuarios era m\u00e1s lento.<\/p>\n<p>Actualmente, consider\u00f3 que s\u00ed bien con el nuevo operativo tambi\u00e9n hay un efecto de contenci\u00f3n a los precios, se observa \u201cuna implementaci\u00f3n con sesgos y que est\u00e1 generando otras fallas\u201d.<\/p>\n<p>Por el contrario, dijo que si estas acciones se hicieran de manera correcta, con mejor an\u00e1lisis, s\u00ed estar\u00edamos viendo un programa que estar\u00eda ayudando a motivar la inversi\u00f3n porque estar\u00eda dando el mensaje de los empresas que est\u00e1n innovando, para que lo sigan haciendo y estar\u00eda dando el mensaje correcto a las personas que est\u00e1n comprando combustible.<\/p>\n<p>\u201cUna mala imagen afecta a un negocio que al final opera legalmente, dentro de las normas legales\u201d, finaliz\u00f3.<\/p>\n","protected":false},"excerpt":{"rendered":"<p>Fuente: Milenio &#8211; Miriam Ram\u00edrez Ciudad de M\u00e9xico (31 de enero de 2025).- El pasado&#8230;<\/p>\n","protected":false},"author":1,"featured_media":144584,"comment_status":"closed","ping_status":"closed","sticky":false,"template":"","format":"standard","meta":{"footnotes":"","jetpack_publicize_message":"","jetpack_publicize_feature_enabled":true,"jetpack_social_post_already_shared":true,"jetpack_social_options":{"image_generator_settings":{"template":"highway","default_image_id":0,"font":"","enabled":false},"version":2}},"categories":[11],"tags":[],"class_list":["post-144583","post","type-post","status-publish","format-standard","has-post-thumbnail","hentry","category-nacional"],"jetpack_publicize_connections":[],"_links":{"self":[{"href":"https:\/\/www.buroperiodistico.com.mx\/index.php?rest_route=\/wp\/v2\/posts\/144583","targetHints":{"allow":["GET"]}}],"collection":[{"href":"https:\/\/www.buroperiodistico.com.mx\/index.php?rest_route=\/wp\/v2\/posts"}],"about":[{"href":"https:\/\/www.buroperiodistico.com.mx\/index.php?rest_route=\/wp\/v2\/types\/post"}],"author":[{"embeddable":true,"href":"https:\/\/www.buroperiodistico.com.mx\/index.php?rest_route=\/wp\/v2\/users\/1"}],"replies":[{"embeddable":true,"href":"https:\/\/www.buroperiodistico.com.mx\/index.php?rest_route=%2Fwp%2Fv2%2Fcomments&post=144583"}],"version-history":[{"count":0,"href":"https:\/\/www.buroperiodistico.com.mx\/index.php?rest_route=\/wp\/v2\/posts\/144583\/revisions"}],"wp:featuredmedia":[{"embeddable":true,"href":"https:\/\/www.buroperiodistico.com.mx\/index.php?rest_route=\/wp\/v2\/media\/144584"}],"wp:attachment":[{"href":"https:\/\/www.buroperiodistico.com.mx\/index.php?rest_route=%2Fwp%2Fv2%2Fmedia&parent=144583"}],"wp:term":[{"taxonomy":"category","embeddable":true,"href":"https:\/\/www.buroperiodistico.com.mx\/index.php?rest_route=%2Fwp%2Fv2%2Fcategories&post=144583"},{"taxonomy":"post_tag","embeddable":true,"href":"https:\/\/www.buroperiodistico.com.mx\/index.php?rest_route=%2Fwp%2Fv2%2Ftags&post=144583"}],"curies":[{"name":"wp","href":"https:\/\/api.w.org\/{rel}","templated":true}]}}