{"id":144563,"date":"2025-01-31T16:49:05","date_gmt":"2025-01-31T22:49:05","guid":{"rendered":"https:\/\/www.buroperiodistico.com.mx\/?p=144563"},"modified":"2025-01-31T16:49:05","modified_gmt":"2025-01-31T22:49:05","slug":"bienvenida-apertura-a-inversiones-privadas-en-pemex-pero-que-pague-ya-a-pymes-coparmex","status":"publish","type":"post","link":"https:\/\/www.buroperiodistico.com.mx\/?p=144563","title":{"rendered":"Bienvenida apertura a inversiones privadas en Pemex, pero que pague ya a pymes: Coparmex"},"content":{"rendered":"<p><em><strong><img loading=\"lazy\" decoding=\"async\" class=\" wp-image-144564 alignright\" src=\"https:\/\/www.buroperiodistico.com.mx\/wp-content\/uploads\/2025\/01\/Compax.jpeg\" alt=\"\" width=\"505\" height=\"302\" srcset=\"https:\/\/www.buroperiodistico.com.mx\/wp-content\/uploads\/2025\/01\/Compax.jpeg 1024w, https:\/\/www.buroperiodistico.com.mx\/wp-content\/uploads\/2025\/01\/Compax-300x179.jpeg 300w, https:\/\/www.buroperiodistico.com.mx\/wp-content\/uploads\/2025\/01\/Compax-768x459.jpeg 768w\" sizes=\"auto, (max-width: 505px) 100vw, 505px\" \/>Fuente: Energ\u00eda a Debate &#8211; Ulises J\u00faarez<\/strong><\/em><\/p>\n<p><em><strong>Ciudad de M\u00e9xico (31 de enero de 2025).-<\/strong><\/em> El organismo patronal recibi\u00f3 con benepl\u00e1cito el contenido de las leyes secundarias dado a conocer por Claudia Sheinbaum esta semana. La Confederaci\u00f3n Patronal de la Rep\u00fablica Mexicana (Coparmex) recibi\u00f3 con benepl\u00e1cito el contenido de las leyes secundarias en materia de energ\u00eda que esta semana firm\u00f3 la presidenta de la Rep\u00fablica, Claudia Sheinbaum Pardo, para su remisi\u00f3n al Congreso de la Uni\u00f3n.<\/p>\n<p>Sin embargo, en un pronunciamiento difundido este jueves, el organismo cupular se refiri\u00f3, entre otros puntos, al anuncio de que la empresa p\u00fablica del Estado, Petr\u00f3leos Mexicanos (Pemex), fortalecer\u00e1 su cooperaci\u00f3n con el sector privado, pero consider\u00f3 que primero debe cumplir con los pagos a los proveedores, especialmente con las peque\u00f1as y medianas empresas (pymes) del pa\u00eds.<\/p>\n<p>\u201cResulta prioritario que PEMEX fortalezca su cooperaci\u00f3n con el sector privado para incrementar la producci\u00f3n petrolera; no obstante, es fundamental que cumpla con las obligaciones financieras con sus proveedores, especialmente con las peque\u00f1as y medianas empresas\u201d, expres\u00f3 la Confederaci\u00f3n bajo la presidencia de Juan Jos\u00e9 Sierra \u00c1lvarez.<\/p>\n<p>Al respecto, dijo que M\u00e9xico debe consolidar un modelo energ\u00e9tico sostenible y, para ello, es crucial solventar sus problemas financieros y que las iniciativas para fortalecerlo sean acordes a un modelo econ\u00f3mico de libre competencia.<\/p>\n<p>Certeza jur\u00eddica y reglas claras<\/p>\n<p>La Coparmex tambi\u00e9n manifest\u00f3 su posici\u00f3n con respecto a que el nuevo marco jur\u00eddico \u2013que permitir\u00e1 las inversiones mixtas en los subsectores de los hidrocarburos y el\u00e9ctrico\u2013 brinde certeza jur\u00eddica y establezca reglas claras a la participaci\u00f3n privada.<\/p>\n<p>\u201cSolo as\u00ed se podr\u00e1 fomentar la competencia, permitir inversiones mixtas con la Comisi\u00f3n Federal de Electricidad (CFE) y Petr\u00f3leos Mexicanos (PEMEX) y asegurar una transici\u00f3n energ\u00e9tica ordenada y sustentable\u201d, a\u00f1adi\u00f3.<\/p>\n<p>Especial \u00e9nfasis hizo sobre la posibilidad de participaci\u00f3n privada en proyectos de inversi\u00f3n y desarrollo de infraestructura de transmisi\u00f3n y de distribuci\u00f3n de energ\u00eda, un \u00e1rea hasta ahora reservada solo al Estado mediante la CFE y sus empresas subsidiarias.<\/p>\n<p>\u201cValoramos la posibilidad de colaboraci\u00f3n entre CFE y el sector privado en proyectos de generaci\u00f3n a largo plazo, as\u00ed como en el desarrollo de infraestructura para transmisi\u00f3n y distribuci\u00f3n. Estas acciones son fundamentales para atender la creciente demanda y garantizar un suministro confiable en todo el pa\u00eds\u201d, expuso.<\/p>\n<p>En su comunicado, la Coparmex tambi\u00e9n se refiri\u00f3 a la creaci\u00f3n de la Comisi\u00f3n Nacional de Energ\u00eda (CNE), que absorbe las funciones de las Comisiones Reguladora de Energ\u00eda (CRE) y Nacional de Hidrocarburos (CNH); el incremento de la capacidad de energ\u00eda exenta a 0.7 megawatts, y el autoconsumo el\u00e9ctrico.<\/p>\n<p>\u201cEstaremos atentos a la presentaci\u00f3n formal de las iniciativas legales derivadas de esta reforma, con el fin de revisarlas detalladamente. Aunque valoramos este primer paso que consideramos un buen arranque, a\u00fan queda mucho trabajo por presentar, debatir y acordar. Seguiremos pendientes de los avances y de c\u00f3mo se mantiene la apertura en el proceso\u201d, agreg\u00f3. Fuente: Energ\u00eda a Debate &#8211; Ulises J\u00faarez 31 de enero de 2025<br \/>\nBienvenida apertura a inversiones privadas en Pemex, pero que pague ya a pymes: Coparmex<br \/>\nEl organismo patronal recibi\u00f3 con benepl\u00e1cito el contenido de las leyes secundarias dado a conocer por Claudia Sheinbaum esta semana. La Confederaci\u00f3n Patronal de la Rep\u00fablica Mexicana (Coparmex) recibi\u00f3 con benepl\u00e1cito el contenido de las leyes secundarias en materia de energ\u00eda que esta semana firm\u00f3 la presidenta de la Rep\u00fablica, Claudia Sheinbaum Pardo, para su remisi\u00f3n al Congreso de la Uni\u00f3n.<\/p>\n<p>Sin embargo, en un pronunciamiento difundido este jueves, el organismo cupular se refiri\u00f3, entre otros puntos, al anuncio de que la empresa p\u00fablica del Estado, Petr\u00f3leos Mexicanos (Pemex), fortalecer\u00e1 su cooperaci\u00f3n con el sector privado, pero consider\u00f3 que primero debe cumplir con los pagos a los proveedores, especialmente con las peque\u00f1as y medianas empresas (pymes) del pa\u00eds.<\/p>\n<p>\u201cResulta prioritario que PEMEX fortalezca su cooperaci\u00f3n con el sector privado para incrementar la producci\u00f3n petrolera; no obstante, es fundamental que cumpla con las obligaciones financieras con sus proveedores, especialmente con las peque\u00f1as y medianas empresas\u201d, expres\u00f3 la Confederaci\u00f3n bajo la presidencia de Juan Jos\u00e9 Sierra \u00c1lvarez.<\/p>\n<p>Al respecto, dijo que M\u00e9xico debe consolidar un modelo energ\u00e9tico sostenible y, para ello, es crucial solventar sus problemas financieros y que las iniciativas para fortalecerlo sean acordes a un modelo econ\u00f3mico de libre competencia.<\/p>\n<p>Certeza jur\u00eddica y reglas claras<\/p>\n<p>La Coparmex tambi\u00e9n manifest\u00f3 su posici\u00f3n con respecto a que el nuevo marco jur\u00eddico \u2013que permitir\u00e1 las inversiones mixtas en los subsectores de los hidrocarburos y el\u00e9ctrico\u2013 brinde certeza jur\u00eddica y establezca reglas claras a la participaci\u00f3n privada.<\/p>\n<p>\u201cSolo as\u00ed se podr\u00e1 fomentar la competencia, permitir inversiones mixtas con la Comisi\u00f3n Federal de Electricidad (CFE) y Petr\u00f3leos Mexicanos (PEMEX) y asegurar una transici\u00f3n energ\u00e9tica ordenada y sustentable\u201d, a\u00f1adi\u00f3.<\/p>\n<p>Especial \u00e9nfasis hizo sobre la posibilidad de participaci\u00f3n privada en proyectos de inversi\u00f3n y desarrollo de infraestructura de transmisi\u00f3n y de distribuci\u00f3n de energ\u00eda, un \u00e1rea hasta ahora reservada solo al Estado mediante la CFE y sus empresas subsidiarias.<\/p>\n<p>\u201cValoramos la posibilidad de colaboraci\u00f3n entre CFE y el sector privado en proyectos de generaci\u00f3n a largo plazo, as\u00ed como en el desarrollo de infraestructura para transmisi\u00f3n y distribuci\u00f3n. Estas acciones son fundamentales para atender la creciente demanda y garantizar un suministro confiable en todo el pa\u00eds\u201d, expuso.<\/p>\n<p>En su comunicado, la Coparmex tambi\u00e9n se refiri\u00f3 a la creaci\u00f3n de la Comisi\u00f3n Nacional de Energ\u00eda (CNE), que absorbe las funciones de las Comisiones Reguladora de Energ\u00eda (CRE) y Nacional de Hidrocarburos (CNH); el incremento de la capacidad de energ\u00eda exenta a 0.7 megawatts, y el autoconsumo el\u00e9ctrico.<\/p>\n<p>\u201cEstaremos atentos a la presentaci\u00f3n formal de las iniciativas legales derivadas de esta reforma, con el fin de revisarlas detalladamente. Aunque valoramos este primer paso que consideramos un buen arranque, a\u00fan queda mucho trabajo por presentar, debatir y acordar. Seguiremos pendientes de los avances y de c\u00f3mo se mantiene la apertura en el proceso\u201d, agreg\u00f3.<\/p>\n","protected":false},"excerpt":{"rendered":"<p>Fuente: Energ\u00eda a Debate &#8211; Ulises J\u00faarez Ciudad de M\u00e9xico (31 de enero de 2025).-&#8230;<\/p>\n","protected":false},"author":1,"featured_media":144564,"comment_status":"closed","ping_status":"closed","sticky":false,"template":"","format":"standard","meta":{"footnotes":"","jetpack_publicize_message":"","jetpack_publicize_feature_enabled":true,"jetpack_social_post_already_shared":true,"jetpack_social_options":{"image_generator_settings":{"template":"highway","default_image_id":0,"font":"","enabled":false},"version":2}},"categories":[11],"tags":[],"class_list":["post-144563","post","type-post","status-publish","format-standard","has-post-thumbnail","hentry","category-nacional"],"jetpack_publicize_connections":[],"_links":{"self":[{"href":"https:\/\/www.buroperiodistico.com.mx\/index.php?rest_route=\/wp\/v2\/posts\/144563","targetHints":{"allow":["GET"]}}],"collection":[{"href":"https:\/\/www.buroperiodistico.com.mx\/index.php?rest_route=\/wp\/v2\/posts"}],"about":[{"href":"https:\/\/www.buroperiodistico.com.mx\/index.php?rest_route=\/wp\/v2\/types\/post"}],"author":[{"embeddable":true,"href":"https:\/\/www.buroperiodistico.com.mx\/index.php?rest_route=\/wp\/v2\/users\/1"}],"replies":[{"embeddable":true,"href":"https:\/\/www.buroperiodistico.com.mx\/index.php?rest_route=%2Fwp%2Fv2%2Fcomments&post=144563"}],"version-history":[{"count":0,"href":"https:\/\/www.buroperiodistico.com.mx\/index.php?rest_route=\/wp\/v2\/posts\/144563\/revisions"}],"wp:featuredmedia":[{"embeddable":true,"href":"https:\/\/www.buroperiodistico.com.mx\/index.php?rest_route=\/wp\/v2\/media\/144564"}],"wp:attachment":[{"href":"https:\/\/www.buroperiodistico.com.mx\/index.php?rest_route=%2Fwp%2Fv2%2Fmedia&parent=144563"}],"wp:term":[{"taxonomy":"category","embeddable":true,"href":"https:\/\/www.buroperiodistico.com.mx\/index.php?rest_route=%2Fwp%2Fv2%2Fcategories&post=144563"},{"taxonomy":"post_tag","embeddable":true,"href":"https:\/\/www.buroperiodistico.com.mx\/index.php?rest_route=%2Fwp%2Fv2%2Ftags&post=144563"}],"curies":[{"name":"wp","href":"https:\/\/api.w.org\/{rel}","templated":true}]}}