{"id":144530,"date":"2025-01-31T16:16:43","date_gmt":"2025-01-31T22:16:43","guid":{"rendered":"https:\/\/www.buroperiodistico.com.mx\/?p=144530"},"modified":"2025-01-31T16:16:43","modified_gmt":"2025-01-31T22:16:43","slug":"participan-diputados-de-tamaulipas-en-plenaria-de-movimiento-ciudadano","status":"publish","type":"post","link":"https:\/\/www.buroperiodistico.com.mx\/?p=144530","title":{"rendered":"Participan diputados de Tamaulipas en plenaria de Movimiento Ciudadano"},"content":{"rendered":"<p><em><strong><img loading=\"lazy\" decoding=\"async\" class=\" wp-image-144531 alignright\" src=\"https:\/\/www.buroperiodistico.com.mx\/wp-content\/uploads\/2025\/01\/Dipux-5.jpeg\" alt=\"\" width=\"566\" height=\"385\" srcset=\"https:\/\/www.buroperiodistico.com.mx\/wp-content\/uploads\/2025\/01\/Dipux-5.jpeg 1024w, https:\/\/www.buroperiodistico.com.mx\/wp-content\/uploads\/2025\/01\/Dipux-5-300x204.jpeg 300w, https:\/\/www.buroperiodistico.com.mx\/wp-content\/uploads\/2025\/01\/Dipux-5-768x522.jpeg 768w\" sizes=\"auto, (max-width: 566px) 100vw, 566px\" \/>Boca del Rio, Veracruz (31-Enero-2025).-<\/strong><\/em> Los diputados locales de Movimiento Ciudadano en Tamaulipas, Juan Carlos Zertuche y Mayra Benavides Villafranca, estuvieron presentes en la reuni\u00f3n plenaria del partido de la alegria, celebrada en Boca del R\u00edo, Veracruz.<\/p>\n<p>D\u00f3nde se tocaron temas de la agenda p\u00fablica con la que estar\u00e1n trabajando los emecistas, unos de los temas en los que destacan los legisladores tamaulipecos, es el migratorio y la reducci\u00f3n de la jornada laboral a 40 horas<\/p>\n<p>\u00abImpulsaremos reformas en tema migratorio como lo hicimos la semana pasada solicitando crear la comisi\u00f3n de asuntos fronterizos en los cabildos, para que tengan facilidades necesarias en este panorama que se nos puede estar presentando; aunque a\u00fan no tenemos un repunte de deportaciones en la frontera, tenemos que estar listos y sobre todo tener las condiciones para poder recibirlos\u00bb, subray\u00f3 Zertuche.<\/p>\n<p>Otro tema que abundan la bancada naranja en Tamaulipas, es la reducci\u00f3n de la jornada laboral a 40 horas por semana, esto para que pueda estar m\u00e1s tiempo con su familia, as\u00ed como poder descansar los d\u00edas y horarios que deben de tener.<\/p>\n","protected":false},"excerpt":{"rendered":"<p>Boca del Rio, Veracruz (31-Enero-2025).- Los diputados locales de Movimiento Ciudadano en Tamaulipas, Juan Carlos&#8230;<\/p>\n","protected":false},"author":1,"featured_media":144531,"comment_status":"closed","ping_status":"closed","sticky":false,"template":"","format":"standard","meta":{"footnotes":"","jetpack_publicize_message":"","jetpack_publicize_feature_enabled":true,"jetpack_social_post_already_shared":true,"jetpack_social_options":{"image_generator_settings":{"template":"highway","default_image_id":0,"font":"","enabled":false},"version":2}},"categories":[11],"tags":[],"class_list":["post-144530","post","type-post","status-publish","format-standard","has-post-thumbnail","hentry","category-nacional"],"jetpack_publicize_connections":[],"_links":{"self":[{"href":"https:\/\/www.buroperiodistico.com.mx\/index.php?rest_route=\/wp\/v2\/posts\/144530","targetHints":{"allow":["GET"]}}],"collection":[{"href":"https:\/\/www.buroperiodistico.com.mx\/index.php?rest_route=\/wp\/v2\/posts"}],"about":[{"href":"https:\/\/www.buroperiodistico.com.mx\/index.php?rest_route=\/wp\/v2\/types\/post"}],"author":[{"embeddable":true,"href":"https:\/\/www.buroperiodistico.com.mx\/index.php?rest_route=\/wp\/v2\/users\/1"}],"replies":[{"embeddable":true,"href":"https:\/\/www.buroperiodistico.com.mx\/index.php?rest_route=%2Fwp%2Fv2%2Fcomments&post=144530"}],"version-history":[{"count":0,"href":"https:\/\/www.buroperiodistico.com.mx\/index.php?rest_route=\/wp\/v2\/posts\/144530\/revisions"}],"wp:featuredmedia":[{"embeddable":true,"href":"https:\/\/www.buroperiodistico.com.mx\/index.php?rest_route=\/wp\/v2\/media\/144531"}],"wp:attachment":[{"href":"https:\/\/www.buroperiodistico.com.mx\/index.php?rest_route=%2Fwp%2Fv2%2Fmedia&parent=144530"}],"wp:term":[{"taxonomy":"category","embeddable":true,"href":"https:\/\/www.buroperiodistico.com.mx\/index.php?rest_route=%2Fwp%2Fv2%2Fcategories&post=144530"},{"taxonomy":"post_tag","embeddable":true,"href":"https:\/\/www.buroperiodistico.com.mx\/index.php?rest_route=%2Fwp%2Fv2%2Ftags&post=144530"}],"curies":[{"name":"wp","href":"https:\/\/api.w.org\/{rel}","templated":true}]}}