{"id":144459,"date":"2025-01-31T12:18:40","date_gmt":"2025-01-31T18:18:40","guid":{"rendered":"https:\/\/www.buroperiodistico.com.mx\/?p=144459"},"modified":"2025-01-31T12:18:40","modified_gmt":"2025-01-31T18:18:40","slug":"tamaulipas-refuerza-atencion-a-repatriados-con-estrategia-federal","status":"publish","type":"post","link":"https:\/\/www.buroperiodistico.com.mx\/?p=144459","title":{"rendered":"Tamaulipas refuerza atenci\u00f3n a repatriados con estrategia federal"},"content":{"rendered":"<ul>\n<li><strong><em>Las deportaciones de mexicanos por la frontera siguen en niveles normales, afirma diputado<\/em><\/strong><\/li>\n<\/ul>\n<p><strong>Por Julio Manuel Loya Guzm\u00e1n. <\/strong><br \/>\n<strong><img loading=\"lazy\" decoding=\"async\" class=\" wp-image-144460 alignright\" src=\"https:\/\/www.buroperiodistico.com.mx\/wp-content\/uploads\/2025\/01\/Congrex.jpg\" alt=\"\" width=\"511\" height=\"276\" srcset=\"https:\/\/www.buroperiodistico.com.mx\/wp-content\/uploads\/2025\/01\/Congrex.jpg 1110w, https:\/\/www.buroperiodistico.com.mx\/wp-content\/uploads\/2025\/01\/Congrex-300x162.jpg 300w, https:\/\/www.buroperiodistico.com.mx\/wp-content\/uploads\/2025\/01\/Congrex-1024x554.jpg 1024w, https:\/\/www.buroperiodistico.com.mx\/wp-content\/uploads\/2025\/01\/Congrex-768x415.jpg 768w\" sizes=\"auto, (max-width: 511px) 100vw, 511px\" \/>Cd. Victoria, Tamaulipas (31-Enero-2025).-<\/strong> El presidente de la Comisi\u00f3n de Asuntos Fronterizos del Congreso de Tamaulipas, Sergio Ojeda Castillo, asegur\u00f3 que la entidad ya est\u00e1 preparada para recibir las repatriaciones masivas de migrantes gracias a estrategia \u00abM\u00e9xico te abraza\u00bb impulsada por la presidenta Claudia Sheinbaum.<\/p>\n<p>Ojeda Castillo se\u00f1al\u00f3 que, hasta ahora, el n\u00famero de repatriaciones se mantiene dentro de los par\u00e1metros normales, con un promedio de entre 60 y 100 personas por ciudad fronteriza, en puntos como Reynosa, Matamoros y Nuevo Laredo. Indic\u00f3 que no se ha registrado un incremento extraordinario en el retorno de migrantes, a pesar de las declaraciones del expresidente de Estados Unidos, Donald Trump, sobre deportaciones de personas con antecedentes penales.<\/p>\n<p>El legislador destac\u00f3 que el gobierno estatal, en coordinaci\u00f3n con la Federaci\u00f3n y los municipios, ha fortalecido la infraestructura y los servicios de atenci\u00f3n para los repatriados. En Nuevo Laredo, por ejemplo, se habilit\u00f3 una estaci\u00f3n de alojamiento con acceso a agua, luz, ba\u00f1os, internet y \u00e1reas seguras. Instalaciones similares est\u00e1n operando en Reynosa y Matamoros.<\/p>\n<p>Adem\u00e1s, se han implementado programas de apoyo para facilitar el regreso de los repatriados a sus estados de origen, con transporte gratuito y asistencia econ\u00f3mica de 2,000 pesos a trav\u00e9s del programa de Bienestar.<\/p>\n<p>\u00abEl 90% de los repatriados regresa a sus lugares de origen, salvo algunos tamaulipecos que permanecen en la frontera\u00bb, explic\u00f3 Ojeda Castillo.<\/p>\n<p>El Instituto Nacional de Migraci\u00f3n (INM) mantiene protocolos de identificaci\u00f3n y registro de los migrantes repatriados. En caso de detectar personas con antecedentes penales, se aplican los procedimientos correspondientes. Tambi\u00e9n se cuenta con la intervenci\u00f3n del Instituto Tamaulipeco para el Migrante, que expide c\u00e9dulas de identificaci\u00f3n para los connacionales.<\/p>\n<p>Ojeda Castillo subray\u00f3 que las autoridades seguir\u00e1n monitoreando la situaci\u00f3n para responder a posibles incrementos en las deportaciones. \u00abEstamos preparados para cualquier escenario, siempre en coordinaci\u00f3n con los tres niveles de gobierno\u00bb, concluy\u00f3.<\/p>\n","protected":false},"excerpt":{"rendered":"<p>Las deportaciones de mexicanos por la frontera siguen en niveles normales, afirma diputado Por Julio&#8230;<\/p>\n","protected":false},"author":1,"featured_media":144460,"comment_status":"closed","ping_status":"closed","sticky":false,"template":"","format":"standard","meta":{"footnotes":"","jetpack_publicize_message":"","jetpack_publicize_feature_enabled":true,"jetpack_social_post_already_shared":true,"jetpack_social_options":{"image_generator_settings":{"template":"highway","default_image_id":0,"font":"","enabled":false},"version":2}},"categories":[17,25],"tags":[],"class_list":["post-144459","post","type-post","status-publish","format-standard","has-post-thumbnail","hentry","category-ciudadvictoria","category-portada"],"jetpack_publicize_connections":[],"_links":{"self":[{"href":"https:\/\/www.buroperiodistico.com.mx\/index.php?rest_route=\/wp\/v2\/posts\/144459","targetHints":{"allow":["GET"]}}],"collection":[{"href":"https:\/\/www.buroperiodistico.com.mx\/index.php?rest_route=\/wp\/v2\/posts"}],"about":[{"href":"https:\/\/www.buroperiodistico.com.mx\/index.php?rest_route=\/wp\/v2\/types\/post"}],"author":[{"embeddable":true,"href":"https:\/\/www.buroperiodistico.com.mx\/index.php?rest_route=\/wp\/v2\/users\/1"}],"replies":[{"embeddable":true,"href":"https:\/\/www.buroperiodistico.com.mx\/index.php?rest_route=%2Fwp%2Fv2%2Fcomments&post=144459"}],"version-history":[{"count":0,"href":"https:\/\/www.buroperiodistico.com.mx\/index.php?rest_route=\/wp\/v2\/posts\/144459\/revisions"}],"wp:featuredmedia":[{"embeddable":true,"href":"https:\/\/www.buroperiodistico.com.mx\/index.php?rest_route=\/wp\/v2\/media\/144460"}],"wp:attachment":[{"href":"https:\/\/www.buroperiodistico.com.mx\/index.php?rest_route=%2Fwp%2Fv2%2Fmedia&parent=144459"}],"wp:term":[{"taxonomy":"category","embeddable":true,"href":"https:\/\/www.buroperiodistico.com.mx\/index.php?rest_route=%2Fwp%2Fv2%2Fcategories&post=144459"},{"taxonomy":"post_tag","embeddable":true,"href":"https:\/\/www.buroperiodistico.com.mx\/index.php?rest_route=%2Fwp%2Fv2%2Ftags&post=144459"}],"curies":[{"name":"wp","href":"https:\/\/api.w.org\/{rel}","templated":true}]}}