{"id":144454,"date":"2025-01-31T11:49:45","date_gmt":"2025-01-31T17:49:45","guid":{"rendered":"https:\/\/www.buroperiodistico.com.mx\/?p=144454"},"modified":"2025-01-31T11:49:45","modified_gmt":"2025-01-31T17:49:45","slug":"presionan-agricultores-y-frenan-foro-del-agua","status":"publish","type":"post","link":"https:\/\/www.buroperiodistico.com.mx\/?p=144454","title":{"rendered":"Presionan agricultores y frenan foro del agua"},"content":{"rendered":"<ul>\n<li><strong><em>Usuarios del Distrito de Riego 014 pidieron m\u00e1s tiempo para conocer las leyes en el tema<\/em><\/strong><\/li>\n<\/ul>\n<p><strong><img loading=\"lazy\" decoding=\"async\" class=\" wp-image-144455 alignright\" src=\"https:\/\/www.buroperiodistico.com.mx\/wp-content\/uploads\/2025\/01\/Agrixu.jpg\" alt=\"\" width=\"683\" height=\"369\" srcset=\"https:\/\/www.buroperiodistico.com.mx\/wp-content\/uploads\/2025\/01\/Agrixu.jpg 1110w, https:\/\/www.buroperiodistico.com.mx\/wp-content\/uploads\/2025\/01\/Agrixu-300x162.jpg 300w, https:\/\/www.buroperiodistico.com.mx\/wp-content\/uploads\/2025\/01\/Agrixu-1024x554.jpg 1024w, https:\/\/www.buroperiodistico.com.mx\/wp-content\/uploads\/2025\/01\/Agrixu-768x415.jpg 768w\" sizes=\"auto, (max-width: 683px) 100vw, 683px\" \/>Ciudad de M\u00e9xio (31-Enero-2025).-<\/strong> A petici\u00f3n de los permisionarios, el foro organizado por la Conagua que se realizar\u00eda el d\u00eda de hoy, fue suspendido a petici\u00f3n de los usuarios del Distrito de Riego 014, S. de R.L., R\u00edo Colorado, quienes pidieron m\u00e1s tiempo para conocer la informaci\u00f3n para las reformas a las leyes de agua nacionales.<\/p>\n<p>El foro fue reagendado para el 21 de febrero, en las instalaciones del Distrito de Riego 014, S. de R.L., R\u00edo Colorado, donde se espera una nutrida participaci\u00f3n de los permisionarios.<\/p>\n<p>En el marco del Plan Nacional H\u00eddrico 2024-2030, y de la firma del Acuerdo Nacional por el Derecho Humano al Agua y Sustentabilidad, el gobierno federal a trav\u00e9s de la Comisi\u00f3n Nacional del Agua, realiza una serie de foros en diversos puntos del pa\u00eds, para la creaci\u00f3n de una nueva Ley General de Aguas, y para la reforma a la Ley de Aguas Nacionales.<\/p>\n<p>Este martes 28 de enero toc\u00f3 el turno al Distrito de Riego 014, en la ciudad de Mexicali, en el edificio contiguo al de la biblioteca central de la Universidad Aut\u00f3noma de Baja California (UABC), a partir de las 10:00 de la ma\u00f1ana.<\/p>\n<p>Sin embargo, desde temprana hora, los permisionarios de agua se encontraban al frente del edificio donde se realizar\u00eda el foro.<\/p>\n<p>En el lugar se encontraba el gerente del organismo de cuenca de la Pen\u00ednsula de Baja California de la Conagua, Francisco Bernal Rodr\u00edguez, el senador por Morena, Armando Ayala, el diputado federal Armando Fern\u00e1ndez Samaniego.<\/p>\n<p>La decenas de personas ah\u00ed reunidas clamaron por la suspensi\u00f3n del foro, mismas que les fue concedida a trav\u00e9s de la intervenci\u00f3n de los legisladores, y fue reprogramada al 21 de febrero en las instalaciones del Distrito de Riego 014, S. de R.L., en una hora todav\u00eda por definir.<\/p>\n<p>Durante el acto conmemorativo del Asalto a las Tierras en el ejido Michoac\u00e1n de Ocampo, el ejidatario Jos\u00e9 Reynoso Soriano hizo un llamado a la unidad de los campesinos frente a desalojos y problemas agrarios<br \/>\nEntre los presentes se encontraba el tesorero del Distrito de Riego 014, Juan Carlos Fierro Y\u00e1\u00f1ez, quien dijo desconocer la propuesta del gobierno federal respecto a la nueva legislaci\u00f3n que se trataba de imponer, y que a todas luces ven\u00eda a perjudicar a los permisionarios.<\/p>\n<p>Aclar\u00f3 que ellos est\u00e1n de acuerdo en el uso humano del agua, incluso, les han enviado dotaciones del vital l\u00edquido a la zona costa, sin embargo, se pretende perjudicar a los agricultores, cuando a las ciudades y a los industriales no se les toca.<\/p>\n<p>Rutilo Mendoza, otro de los usuarios, asever\u00f3 que se est\u00e1 vendiendo el agua a los Estados Unidos el agua a precio de ganga, a trav\u00e9s de las actas del tratado binacional de aguas.<\/p>\n","protected":false},"excerpt":{"rendered":"<p>Usuarios del Distrito de Riego 014 pidieron m\u00e1s tiempo para conocer las leyes en el&#8230;<\/p>\n","protected":false},"author":1,"featured_media":144455,"comment_status":"closed","ping_status":"closed","sticky":false,"template":"","format":"standard","meta":{"footnotes":"","jetpack_publicize_message":"","jetpack_publicize_feature_enabled":true,"jetpack_social_post_already_shared":true,"jetpack_social_options":{"image_generator_settings":{"template":"highway","default_image_id":0,"font":"","enabled":false},"version":2}},"categories":[11],"tags":[],"class_list":["post-144454","post","type-post","status-publish","format-standard","has-post-thumbnail","hentry","category-nacional"],"jetpack_publicize_connections":[],"_links":{"self":[{"href":"https:\/\/www.buroperiodistico.com.mx\/index.php?rest_route=\/wp\/v2\/posts\/144454","targetHints":{"allow":["GET"]}}],"collection":[{"href":"https:\/\/www.buroperiodistico.com.mx\/index.php?rest_route=\/wp\/v2\/posts"}],"about":[{"href":"https:\/\/www.buroperiodistico.com.mx\/index.php?rest_route=\/wp\/v2\/types\/post"}],"author":[{"embeddable":true,"href":"https:\/\/www.buroperiodistico.com.mx\/index.php?rest_route=\/wp\/v2\/users\/1"}],"replies":[{"embeddable":true,"href":"https:\/\/www.buroperiodistico.com.mx\/index.php?rest_route=%2Fwp%2Fv2%2Fcomments&post=144454"}],"version-history":[{"count":0,"href":"https:\/\/www.buroperiodistico.com.mx\/index.php?rest_route=\/wp\/v2\/posts\/144454\/revisions"}],"wp:featuredmedia":[{"embeddable":true,"href":"https:\/\/www.buroperiodistico.com.mx\/index.php?rest_route=\/wp\/v2\/media\/144455"}],"wp:attachment":[{"href":"https:\/\/www.buroperiodistico.com.mx\/index.php?rest_route=%2Fwp%2Fv2%2Fmedia&parent=144454"}],"wp:term":[{"taxonomy":"category","embeddable":true,"href":"https:\/\/www.buroperiodistico.com.mx\/index.php?rest_route=%2Fwp%2Fv2%2Fcategories&post=144454"},{"taxonomy":"post_tag","embeddable":true,"href":"https:\/\/www.buroperiodistico.com.mx\/index.php?rest_route=%2Fwp%2Fv2%2Ftags&post=144454"}],"curies":[{"name":"wp","href":"https:\/\/api.w.org\/{rel}","templated":true}]}}