{"id":14191,"date":"2022-05-31T20:16:37","date_gmt":"2022-06-01T02:16:37","guid":{"rendered":"https:\/\/www.buroperiodistico.com.mx\/?p=14191"},"modified":"2022-05-31T20:16:37","modified_gmt":"2022-06-01T02:16:37","slug":"cierra-truko-proselitismo-a-la-cabeza-de-las-preferencias-electorales","status":"publish","type":"post","link":"https:\/\/www.buroperiodistico.com.mx\/?p=14191","title":{"rendered":"Cierra Truko proselitismo a la cabeza de las preferencias electorales"},"content":{"rendered":"<ul>\n<li><strong><em>Tamaulipas ya decidi\u00f3 es el Truko<\/em><\/strong><\/li>\n<\/ul>\n<p><strong><img loading=\"lazy\" decoding=\"async\" class=\"alignright  wp-image-14192\" src=\"https:\/\/www.buroperiodistico.com.mx\/wp-content\/uploads\/2022\/05\/CierraNDL.jpeg\" alt=\"\" width=\"565\" height=\"304\" srcset=\"https:\/\/www.buroperiodistico.com.mx\/wp-content\/uploads\/2022\/05\/CierraNDL.jpeg 1024w, https:\/\/www.buroperiodistico.com.mx\/wp-content\/uploads\/2022\/05\/CierraNDL-300x161.jpeg 300w, https:\/\/www.buroperiodistico.com.mx\/wp-content\/uploads\/2022\/05\/CierraNDL-768x413.jpeg 768w\" sizes=\"auto, (max-width: 565px) 100vw, 565px\" \/>Nuevo Laredo, Tam (31-Mayo-2022).-<\/strong> Encabezando las preferencias electorales, el candidato a la gubernatura por la alianza \u201cVa por Tamaulipas\u201d, C\u00e9sar Truko Ver\u00e1stegui este mi\u00e9rcoles cierra su periodo de campa\u00f1a en la zona conurbada de Tamaulipas.<\/p>\n<p>Diversos estudios demosc\u00f3picos publicados en la \u00faltima semana le dan, en promedio, una ventaja de 12 puntos sobre su m\u00e1s cercano competidor. Estos resultados son producto de una campa\u00f1a de altura, que se caracteriz\u00f3 por el di\u00e1logo personal, cara a cara que Ver\u00e1stegui sostuvo con los tamaulipecos.<\/p>\n<p>De esta interacci\u00f3n surge un plan de gobierno que tiene al ciudadano en el centro de todas las acciones, teniendo como piedra angular el fortalecimiento de la seguridad en todas sus vertientes.<\/p>\n<p>En este contexto, Ver\u00e1stegui Ostos se posiciona como el aliado de las mujeres, de la salud, de la educaci\u00f3n, del deporte, de la cultura y las artes, de la generaci\u00f3n de empleo, del impulso al desarrollo econ\u00f3mico; se perfila como aliado de los emprendedores, de la micro, peque\u00f1a, mediana y gran empresa, de la inversi\u00f3n, para la recuperaci\u00f3n del sector agropecuario, del fortalecimiento de las regiones del estado, de sus ciudades y sobre todo de las familias tamaulipecas.<\/p>\n<p>Truko Ver\u00e1stegui se posicion\u00f3 a la delantera de esta contienda electoral, por su experiencia, por la capacidad demostrada en el cumplimiento de sus responsabilidades, pero, sobre todo, porque ha hecho de los tamaulipecos una extensi\u00f3n de su familia, como dijo recientemente \u201cEn la familia conoc\u00ed el amor y en la calle conoc\u00ed el dolor y no quiero que el pueblo de Tamaulipas sufra, por eso voy a trabajar con ustedes y por ustedes\u201d.<\/p>\n<p>As\u00ed lo percibe la gente de todo el estado, como un hombre con car\u00e1cter, con determinaci\u00f3n, con visi\u00f3n, con la fortaleza para, de la mano de las y los tamaulipecos, construir el estado fuerte que nos merecemos<\/p>\n<p>De esta manera, en lo que se espera ser\u00e1 otro cierre de campa\u00f1a mega masivo con la asistencia de miles de personas de la zona conurbada de Tampico, Madero y Altamira, se convocar\u00e1 a refrendar el triunfo electoral este pr\u00f3ximo 5 de junio.<\/p>\n<p>Cabe destacar que en los eventos de cierre de campa\u00f1a que ha realizado en todas las regiones del estado, Truko Ver\u00e1stegui, reconoci\u00f3 la importancia de la participaci\u00f3n ciudadana a favor del proyecto que representa; tambi\u00e9n habl\u00f3 sobre el apoyo que le brindaron los medios de comunicaci\u00f3n para que su propuesta se haya dado a conocer en todos los rincones de Tamaulipas.<\/p>\n<p>\u201cGracias a ustedes he tenido la oportunidad de que hoy me conozca el 85 por ciento de la poblaci\u00f3n, gracias a ustedes he podido llevar mis propuestas, gracias a ustedes la gente ha conocido mi historia, una historia de trabajo y de vida\u201d, mencion\u00f3 recientemente en la ciudad de El Mante.<\/p>\n<p>Despu\u00e9s de la mega concentraci\u00f3n ciudadana que se espera la tarde de este primero de junio, concluye el periodo de campa\u00f1as y entra en vigor la conocida veda electoral, que culminar\u00e1 el pr\u00f3ximo domingo 5 del presente mes, y al que los tamaulipecos acudir\u00e1n de forma masiva a las urnas para refrendar el triunfo de C\u00e9sar Ver\u00e1stegui Ostos.<\/p>\n<p>Acompa\u00f1aron al candidato, \u00a0su se\u00f1ora esposa, Mercedes Aranda de Ver\u00e1stegui, su hija Martha; la diputada Federal Margarita Zavala G\u00f3mez del Campo y dem\u00e1s integrantes de los partidos que conforman la coalici\u00f3n.<\/p>\n","protected":false},"excerpt":{"rendered":"<p>Tamaulipas ya decidi\u00f3 es el Truko Nuevo Laredo, Tam (31-Mayo-2022).- Encabezando las preferencias electorales, el&#8230;<\/p>\n","protected":false},"author":1,"featured_media":14192,"comment_status":"open","ping_status":"open","sticky":false,"template":"","format":"standard","meta":{"footnotes":"","jetpack_publicize_message":"","jetpack_publicize_feature_enabled":true,"jetpack_social_post_already_shared":false,"jetpack_social_options":{"image_generator_settings":{"template":"highway","default_image_id":0,"font":"","enabled":false},"version":2}},"categories":[16,25],"tags":[],"class_list":["post-14191","post","type-post","status-publish","format-standard","has-post-thumbnail","hentry","category-nuevolaredo","category-portada"],"jetpack_publicize_connections":[],"_links":{"self":[{"href":"https:\/\/www.buroperiodistico.com.mx\/index.php?rest_route=\/wp\/v2\/posts\/14191","targetHints":{"allow":["GET"]}}],"collection":[{"href":"https:\/\/www.buroperiodistico.com.mx\/index.php?rest_route=\/wp\/v2\/posts"}],"about":[{"href":"https:\/\/www.buroperiodistico.com.mx\/index.php?rest_route=\/wp\/v2\/types\/post"}],"author":[{"embeddable":true,"href":"https:\/\/www.buroperiodistico.com.mx\/index.php?rest_route=\/wp\/v2\/users\/1"}],"replies":[{"embeddable":true,"href":"https:\/\/www.buroperiodistico.com.mx\/index.php?rest_route=%2Fwp%2Fv2%2Fcomments&post=14191"}],"version-history":[{"count":0,"href":"https:\/\/www.buroperiodistico.com.mx\/index.php?rest_route=\/wp\/v2\/posts\/14191\/revisions"}],"wp:featuredmedia":[{"embeddable":true,"href":"https:\/\/www.buroperiodistico.com.mx\/index.php?rest_route=\/wp\/v2\/media\/14192"}],"wp:attachment":[{"href":"https:\/\/www.buroperiodistico.com.mx\/index.php?rest_route=%2Fwp%2Fv2%2Fmedia&parent=14191"}],"wp:term":[{"taxonomy":"category","embeddable":true,"href":"https:\/\/www.buroperiodistico.com.mx\/index.php?rest_route=%2Fwp%2Fv2%2Fcategories&post=14191"},{"taxonomy":"post_tag","embeddable":true,"href":"https:\/\/www.buroperiodistico.com.mx\/index.php?rest_route=%2Fwp%2Fv2%2Ftags&post=14191"}],"curies":[{"name":"wp","href":"https:\/\/api.w.org\/{rel}","templated":true}]}}