{"id":139758,"date":"2024-12-17T19:03:08","date_gmt":"2024-12-18T01:03:08","guid":{"rendered":"https:\/\/www.buroperiodistico.com.mx\/?p=139758"},"modified":"2024-12-17T19:03:08","modified_gmt":"2024-12-18T01:03:08","slug":"cumple-gobierno-del-estado-con-los-productores-agricolas-de-tamaulipas","status":"publish","type":"post","link":"https:\/\/www.buroperiodistico.com.mx\/?p=139758","title":{"rendered":"Cumple Gobierno del Estado con los productores agr\u00edcolas de Tamaulipas"},"content":{"rendered":"<p><em><strong><img loading=\"lazy\" decoding=\"async\" class=\" wp-image-139759 alignright\" src=\"https:\/\/www.buroperiodistico.com.mx\/wp-content\/uploads\/2024\/12\/Cumplx.jpeg\" alt=\"\" width=\"595\" height=\"343\" srcset=\"https:\/\/www.buroperiodistico.com.mx\/wp-content\/uploads\/2024\/12\/Cumplx.jpeg 1024w, https:\/\/www.buroperiodistico.com.mx\/wp-content\/uploads\/2024\/12\/Cumplx-300x173.jpeg 300w, https:\/\/www.buroperiodistico.com.mx\/wp-content\/uploads\/2024\/12\/Cumplx-768x443.jpeg 768w\" sizes=\"auto, (max-width: 595px) 100vw, 595px\" \/>Ciudad Victoria, Tamaulipas (17-Diciembre-2024).-<\/strong><\/em> Para cumplir con los productores agr\u00edcolas de la zona norte de Tamaulipas, el Gobierno de Am\u00e9rico Villarreal Anaya entreg\u00f3 apoyos correspondientes al Programa Atenci\u00f3n de Situaciones de Contingencia o Eventualidades en el Sector Rural 2024.<\/p>\n<p>Al respecto, el secretario de Desarrollo Rural, Pesca y Acuacultura, Antonio Varela Flores, puntualiz\u00f3 que este apoyo extraordinario lleg\u00f3 en un cien por ciento a los productores elegibles.<\/p>\n<p>\u201cEste apoyo extraordinario se dio en el marco de un extenso an\u00e1lisis, resultado de las continuas reuniones del gobierno de Tamaulipas con los productores\u201d, coment\u00f3 Antonio Varela.<\/p>\n<p>\u00abEl Gobierno del Estado respeta el derecho a manifestarse, sin embargo, nuestro compromiso con el pueblo de Tamaulipas es el de generar alternativas para el desarrollo del sector agroalimentario, reafirmando el constante di\u00e1logo como una v\u00eda para encontrar soluciones a las problem\u00e1ticas de este importante sector\u00bb, a\u00f1adi\u00f3.<\/p>\n<p>Varela Flores reiter\u00f3 que el gobernador cumpli\u00f3 a cabalidad sus compromisos con los productores agr\u00edcolas, pensando siempre en llevar desarrollo y beneficios al sector primario.<\/p>\n","protected":false},"excerpt":{"rendered":"<p>Ciudad Victoria, Tamaulipas (17-Diciembre-2024).- Para cumplir con los productores agr\u00edcolas de la zona norte de&#8230;<\/p>\n","protected":false},"author":1,"featured_media":139759,"comment_status":"closed","ping_status":"closed","sticky":false,"template":"","format":"standard","meta":{"footnotes":"","jetpack_publicize_message":"","jetpack_publicize_feature_enabled":true,"jetpack_social_post_already_shared":true,"jetpack_social_options":{"image_generator_settings":{"template":"highway","default_image_id":0,"font":"","enabled":false},"version":2}},"categories":[10],"tags":[],"class_list":["post-139758","post","type-post","status-publish","format-standard","has-post-thumbnail","hentry","category-tamaulipas"],"jetpack_publicize_connections":[],"_links":{"self":[{"href":"https:\/\/www.buroperiodistico.com.mx\/index.php?rest_route=\/wp\/v2\/posts\/139758","targetHints":{"allow":["GET"]}}],"collection":[{"href":"https:\/\/www.buroperiodistico.com.mx\/index.php?rest_route=\/wp\/v2\/posts"}],"about":[{"href":"https:\/\/www.buroperiodistico.com.mx\/index.php?rest_route=\/wp\/v2\/types\/post"}],"author":[{"embeddable":true,"href":"https:\/\/www.buroperiodistico.com.mx\/index.php?rest_route=\/wp\/v2\/users\/1"}],"replies":[{"embeddable":true,"href":"https:\/\/www.buroperiodistico.com.mx\/index.php?rest_route=%2Fwp%2Fv2%2Fcomments&post=139758"}],"version-history":[{"count":0,"href":"https:\/\/www.buroperiodistico.com.mx\/index.php?rest_route=\/wp\/v2\/posts\/139758\/revisions"}],"wp:featuredmedia":[{"embeddable":true,"href":"https:\/\/www.buroperiodistico.com.mx\/index.php?rest_route=\/wp\/v2\/media\/139759"}],"wp:attachment":[{"href":"https:\/\/www.buroperiodistico.com.mx\/index.php?rest_route=%2Fwp%2Fv2%2Fmedia&parent=139758"}],"wp:term":[{"taxonomy":"category","embeddable":true,"href":"https:\/\/www.buroperiodistico.com.mx\/index.php?rest_route=%2Fwp%2Fv2%2Fcategories&post=139758"},{"taxonomy":"post_tag","embeddable":true,"href":"https:\/\/www.buroperiodistico.com.mx\/index.php?rest_route=%2Fwp%2Fv2%2Ftags&post=139758"}],"curies":[{"name":"wp","href":"https:\/\/api.w.org\/{rel}","templated":true}]}}