{"id":139215,"date":"2024-12-13T20:08:11","date_gmt":"2024-12-14T02:08:11","guid":{"rendered":"https:\/\/www.buroperiodistico.com.mx\/?p=139215"},"modified":"2024-12-13T20:08:11","modified_gmt":"2024-12-14T02:08:11","slug":"participa-gobernador-americo-villarreal-en-la-asamblea-general-ordinaria-del-imss","status":"publish","type":"post","link":"https:\/\/www.buroperiodistico.com.mx\/?p=139215","title":{"rendered":"Participa gobernador Am\u00e9rico Villarreal en la Asamblea General Ordinaria del IMSS"},"content":{"rendered":"<p><em><strong><img loading=\"lazy\" decoding=\"async\" class=\" wp-image-139216 alignright\" src=\"https:\/\/www.buroperiodistico.com.mx\/wp-content\/uploads\/2024\/12\/Gobernx.jpeg\" alt=\"\" width=\"578\" height=\"370\" srcset=\"https:\/\/www.buroperiodistico.com.mx\/wp-content\/uploads\/2024\/12\/Gobernx.jpeg 1024w, https:\/\/www.buroperiodistico.com.mx\/wp-content\/uploads\/2024\/12\/Gobernx-300x192.jpeg 300w, https:\/\/www.buroperiodistico.com.mx\/wp-content\/uploads\/2024\/12\/Gobernx-768x491.jpeg 768w\" sizes=\"auto, (max-width: 578px) 100vw, 578px\" \/>Ciudad de M\u00e9xico (13-diciembre-2024).-<\/strong><\/em> Como parte de sus actividades de trabajo en la Ciudad de M\u00e9xico, el gobernador de Tamaulipas, Am\u00e9rico Villarreal Anaya particip\u00f3, este viernes, en la 115\u00aa Asamblea General Ordinaria del Instituto Mexicano del Seguro Social, la cual fue presidida por la presidenta Claudia Sheinbaum Pardo, en el patio central de Palacio Nacional.<\/p>\n<p>Junto a gobernadoras y gobernadores y la jefa de Gobierno de la Ciudad de M\u00e9xico, Am\u00e9rico Villarreal atestigu\u00f3 la presentaci\u00f3n del informe que dio a conocer el director general del Instituto Mexicano del Seguro Social, Zo\u00e9 Robledo Aburto.<\/p>\n<p>En su mensaje, la presidenta Sheinbaum Pardo asegur\u00f3 que el reto es avanzar en la integraci\u00f3n de un solo sistema de salud, que permita que cualquier mexicano o mexicana pueda acceder a un centro de salud o a un hospital independientemente de la derechohabiencia. \u201cEn ese momento estaremos alcanzado el verdadero acceso al derecho a la salud\u00bb, expres\u00f3.<\/p>\n<p>Mencion\u00f3 que el Gobierno de M\u00e9xico tiene como prioridad el fortalecimiento de la seguridad social y los derechos de los trabajadores; de las instituciones p\u00fablicas de Salud; la consolidaci\u00f3n del IMSS-Bienestar; de los Centros de Cuidado y Educaci\u00f3n Infantil, as\u00ed como la implementaci\u00f3n del Programa Salud Casa por Casa.<\/p>\n<p>Al hacer un reconocimiento a las y los trabajadores del Instituto Mexicano del Seguro Social, la presidenta se refiri\u00f3 en especial a las mujeres.<\/p>\n<p>\u00abLas mujeres sabemos que a veces nos toca la doble jornada; o en general, es decir, las enfermeras, las m\u00e9dicas, las trabajadoras del Instituto Mexicano del Seguro Social, adem\u00e1s de atender con cari\u00f1o a todos los derechohabientes, los centros de salud, los hospitales o los distintos lugares de trabajo, realizan el trabajo en sus hogares para fortalecer a sus familias\u201d, destac\u00f3.<\/p>\n<p>En esta ceremonia recibieron reconocimientos por sus destacadas trayectorias: Fryda Medina Rodr\u00edguez, directora de la Unidad M\u00e9dica de Alta Especialidad (UMAE) del Hospital de Traumatolog\u00eda, Ortopedia y Rehabilitaci\u00f3n \u00abDr. Victorio de la Fuente Narv\u00e1ez\u00bb, y Natividad Neri Mu\u00f1oz, directora del Hospital de Especialidades \u00abDr. Bernardo Sep\u00falveda\u00bb, del Centro M\u00e9dico Nacional (CMN) Siglo XXI.<\/p>\n","protected":false},"excerpt":{"rendered":"<p>Ciudad de M\u00e9xico (13-diciembre-2024).- Como parte de sus actividades de trabajo en la Ciudad de&#8230;<\/p>\n","protected":false},"author":1,"featured_media":139216,"comment_status":"closed","ping_status":"closed","sticky":false,"template":"","format":"standard","meta":{"footnotes":"","jetpack_publicize_message":"","jetpack_publicize_feature_enabled":true,"jetpack_social_post_already_shared":true,"jetpack_social_options":{"image_generator_settings":{"template":"highway","default_image_id":0,"font":"","enabled":false},"version":2}},"categories":[25,10],"tags":[],"class_list":["post-139215","post","type-post","status-publish","format-standard","has-post-thumbnail","hentry","category-portada","category-tamaulipas"],"jetpack_publicize_connections":[],"_links":{"self":[{"href":"https:\/\/www.buroperiodistico.com.mx\/index.php?rest_route=\/wp\/v2\/posts\/139215","targetHints":{"allow":["GET"]}}],"collection":[{"href":"https:\/\/www.buroperiodistico.com.mx\/index.php?rest_route=\/wp\/v2\/posts"}],"about":[{"href":"https:\/\/www.buroperiodistico.com.mx\/index.php?rest_route=\/wp\/v2\/types\/post"}],"author":[{"embeddable":true,"href":"https:\/\/www.buroperiodistico.com.mx\/index.php?rest_route=\/wp\/v2\/users\/1"}],"replies":[{"embeddable":true,"href":"https:\/\/www.buroperiodistico.com.mx\/index.php?rest_route=%2Fwp%2Fv2%2Fcomments&post=139215"}],"version-history":[{"count":0,"href":"https:\/\/www.buroperiodistico.com.mx\/index.php?rest_route=\/wp\/v2\/posts\/139215\/revisions"}],"wp:featuredmedia":[{"embeddable":true,"href":"https:\/\/www.buroperiodistico.com.mx\/index.php?rest_route=\/wp\/v2\/media\/139216"}],"wp:attachment":[{"href":"https:\/\/www.buroperiodistico.com.mx\/index.php?rest_route=%2Fwp%2Fv2%2Fmedia&parent=139215"}],"wp:term":[{"taxonomy":"category","embeddable":true,"href":"https:\/\/www.buroperiodistico.com.mx\/index.php?rest_route=%2Fwp%2Fv2%2Fcategories&post=139215"},{"taxonomy":"post_tag","embeddable":true,"href":"https:\/\/www.buroperiodistico.com.mx\/index.php?rest_route=%2Fwp%2Fv2%2Ftags&post=139215"}],"curies":[{"name":"wp","href":"https:\/\/api.w.org\/{rel}","templated":true}]}}