{"id":139197,"date":"2024-12-13T18:29:07","date_gmt":"2024-12-14T00:29:07","guid":{"rendered":"https:\/\/www.buroperiodistico.com.mx\/?p=139197"},"modified":"2024-12-13T18:29:07","modified_gmt":"2024-12-14T00:29:07","slug":"estara-waldo-fernandez-en-la-comision-permanente-del-congreso-de-la-union","status":"publish","type":"post","link":"https:\/\/www.buroperiodistico.com.mx\/?p=139197","title":{"rendered":"ESTAR\u00c1 WALDO FERN\u00c1NDEZ EN LA COMISI\u00d3N PERMANENTE DEL CONGRESO DE LA UNI\u00d3N"},"content":{"rendered":"<p><em><strong><img loading=\"lazy\" decoding=\"async\" class=\" wp-image-139200 alignright\" src=\"https:\/\/www.buroperiodistico.com.mx\/wp-content\/uploads\/2024\/12\/Wlafx.jpeg\" alt=\"\" width=\"621\" height=\"375\" srcset=\"https:\/\/www.buroperiodistico.com.mx\/wp-content\/uploads\/2024\/12\/Wlafx.jpeg 1024w, https:\/\/www.buroperiodistico.com.mx\/wp-content\/uploads\/2024\/12\/Wlafx-300x181.jpeg 300w, https:\/\/www.buroperiodistico.com.mx\/wp-content\/uploads\/2024\/12\/Wlafx-768x464.jpeg 768w\" sizes=\"auto, (max-width: 621px) 100vw, 621px\" \/>Monterrey N.L. (12 de diciembre de 2024).-<\/strong><\/em> El Senador de Nuevo Le\u00f3n, Waldo Fern\u00e1ndez, formar\u00e1 parte de la Comisi\u00f3n Permanente del Congreso de la Uni\u00f3n, un \u00f3rgano fundamental que se encarga de gestionar las tareas del Poder Legislativo durante los periodos en los que el Congreso se encuentra en receso.<\/p>\n<p>La Comisi\u00f3n Permanente, que se instala cada a\u00f1o en el Congreso, est\u00e1 compuesta por 37 legisladores: 19 diputados y 18 senadores, quienes tienen la responsabilidad de mantener la actividad legislativa en funcionamiento mientras no se encuentren en sesiones ordinarias. Esta instancia act\u00faa como un mecanismo de continuidad y supervisi\u00f3n de los asuntos legislativos durante los recesos, y tiene la facultad de convocar a sesiones extraordinarias cuando sea necesario.<\/p>\n<p>\u201cEs un honor haber sido elegido por mi grupo parlamentario para formar parte de la Comisi\u00f3n Permanente del Congreso de la Uni\u00f3n. Si bien no tiene facultades legislativas, es fundamental para la recepci\u00f3n y gesti\u00f3n de distintas funciones pol\u00edticas, jur\u00eddicas, administrativas y de control. Me comprometo a trabajar con dedicaci\u00f3n y responsabilidad para contribuir al buen funcionamiento del Congreso y seguir impulsando los intereses y necesidades de Nuevo Le\u00f3n y de todos los mexicanos \u201d asegur\u00f3 Fern\u00e1ndez.<\/p>\n<p>Durante la Comisi\u00f3n Permanente sus integrantes tendr\u00e1n la responsabilidad de atender diversos temas que son de gran relevancia para el pa\u00eds, en especial en lo que respecta a temas de seguridad, econom\u00eda, y el cumplimiento de las disposiciones legislativas ya aprobadas.<\/p>\n<p><img loading=\"lazy\" decoding=\"async\" class=\"aligncenter size-full wp-image-139198\" src=\"https:\/\/www.buroperiodistico.com.mx\/wp-content\/uploads\/2024\/12\/Wlafx-I.jpeg\" alt=\"\" width=\"483\" height=\"480\" srcset=\"https:\/\/www.buroperiodistico.com.mx\/wp-content\/uploads\/2024\/12\/Wlafx-I.jpeg 483w, https:\/\/www.buroperiodistico.com.mx\/wp-content\/uploads\/2024\/12\/Wlafx-I-300x298.jpeg 300w, https:\/\/www.buroperiodistico.com.mx\/wp-content\/uploads\/2024\/12\/Wlafx-I-150x150.jpeg 150w\" sizes=\"auto, (max-width: 483px) 100vw, 483px\" \/> <img loading=\"lazy\" decoding=\"async\" class=\"aligncenter size-full wp-image-139199\" src=\"https:\/\/www.buroperiodistico.com.mx\/wp-content\/uploads\/2024\/12\/Wlafx-II.jpeg\" alt=\"\" width=\"480\" height=\"482\" srcset=\"https:\/\/www.buroperiodistico.com.mx\/wp-content\/uploads\/2024\/12\/Wlafx-II.jpeg 480w, https:\/\/www.buroperiodistico.com.mx\/wp-content\/uploads\/2024\/12\/Wlafx-II-300x300.jpeg 300w, https:\/\/www.buroperiodistico.com.mx\/wp-content\/uploads\/2024\/12\/Wlafx-II-150x150.jpeg 150w\" sizes=\"auto, (max-width: 480px) 100vw, 480px\" \/><\/p>\n","protected":false},"excerpt":{"rendered":"<p>Monterrey N.L. (12 de diciembre de 2024).- El Senador de Nuevo Le\u00f3n, Waldo Fern\u00e1ndez, formar\u00e1&#8230;<\/p>\n","protected":false},"author":1,"featured_media":139200,"comment_status":"closed","ping_status":"closed","sticky":false,"template":"","format":"standard","meta":{"footnotes":"","jetpack_publicize_message":"","jetpack_publicize_feature_enabled":true,"jetpack_social_post_already_shared":true,"jetpack_social_options":{"image_generator_settings":{"template":"highway","default_image_id":0,"font":"","enabled":false},"version":2}},"categories":[21],"tags":[],"class_list":["post-139197","post","type-post","status-publish","format-standard","has-post-thumbnail","hentry","category-nuevoleon"],"jetpack_publicize_connections":[],"_links":{"self":[{"href":"https:\/\/www.buroperiodistico.com.mx\/index.php?rest_route=\/wp\/v2\/posts\/139197","targetHints":{"allow":["GET"]}}],"collection":[{"href":"https:\/\/www.buroperiodistico.com.mx\/index.php?rest_route=\/wp\/v2\/posts"}],"about":[{"href":"https:\/\/www.buroperiodistico.com.mx\/index.php?rest_route=\/wp\/v2\/types\/post"}],"author":[{"embeddable":true,"href":"https:\/\/www.buroperiodistico.com.mx\/index.php?rest_route=\/wp\/v2\/users\/1"}],"replies":[{"embeddable":true,"href":"https:\/\/www.buroperiodistico.com.mx\/index.php?rest_route=%2Fwp%2Fv2%2Fcomments&post=139197"}],"version-history":[{"count":0,"href":"https:\/\/www.buroperiodistico.com.mx\/index.php?rest_route=\/wp\/v2\/posts\/139197\/revisions"}],"wp:featuredmedia":[{"embeddable":true,"href":"https:\/\/www.buroperiodistico.com.mx\/index.php?rest_route=\/wp\/v2\/media\/139200"}],"wp:attachment":[{"href":"https:\/\/www.buroperiodistico.com.mx\/index.php?rest_route=%2Fwp%2Fv2%2Fmedia&parent=139197"}],"wp:term":[{"taxonomy":"category","embeddable":true,"href":"https:\/\/www.buroperiodistico.com.mx\/index.php?rest_route=%2Fwp%2Fv2%2Fcategories&post=139197"},{"taxonomy":"post_tag","embeddable":true,"href":"https:\/\/www.buroperiodistico.com.mx\/index.php?rest_route=%2Fwp%2Fv2%2Ftags&post=139197"}],"curies":[{"name":"wp","href":"https:\/\/api.w.org\/{rel}","templated":true}]}}