{"id":139176,"date":"2024-12-13T17:18:45","date_gmt":"2024-12-13T23:18:45","guid":{"rendered":"https:\/\/www.buroperiodistico.com.mx\/?p=139176"},"modified":"2024-12-13T17:18:45","modified_gmt":"2024-12-13T23:18:45","slug":"impulsa-beca-futuro-tamaulipas-la-educacion-superior-en-nuevo-laredo","status":"publish","type":"post","link":"https:\/\/www.buroperiodistico.com.mx\/?p=139176","title":{"rendered":"Impulsa Beca Futuro Tamaulipas la educaci\u00f3n superior en Nuevo Laredo"},"content":{"rendered":"<ul>\n<li><strong><em>Un total de 493 estudiantes de la Universidad Tecnol\u00f3gica de Nuevo Laredo son beneficiados con este programa del ITABEC<\/em><\/strong><\/li>\n<\/ul>\n<p><strong><img loading=\"lazy\" decoding=\"async\" class=\" wp-image-139181 alignright\" src=\"https:\/\/www.buroperiodistico.com.mx\/wp-content\/uploads\/2024\/12\/UTNLaredo.jpeg\" alt=\"\" width=\"592\" height=\"333\" srcset=\"https:\/\/www.buroperiodistico.com.mx\/wp-content\/uploads\/2024\/12\/UTNLaredo.jpeg 1024w, https:\/\/www.buroperiodistico.com.mx\/wp-content\/uploads\/2024\/12\/UTNLaredo-300x169.jpeg 300w, https:\/\/www.buroperiodistico.com.mx\/wp-content\/uploads\/2024\/12\/UTNLaredo-768x432.jpeg 768w\" sizes=\"auto, (max-width: 592px) 100vw, 592px\" \/>Nuevo Laredo, Tamaulipas (13-Diciembre-2024).-<\/strong> La Beca \u201cFuturo Tamaulipas, J\u00f3venes de Nivel Superior\u201d no es s\u00f3lo un apoyo financiero para que las y los universitarios contin\u00faen en la escuela, es tambi\u00e9n un reconocimiento a su labor en las aulas y un impulso para mejorar la educaci\u00f3n superior, se\u00f1al\u00f3 Jos\u00e9 Antonio Tovar Lara, rector de la Universidad Tecnol\u00f3gica de Nuevo Laredo (UTNL), durante la entrega de esta beca que otorga el Instituto Tamaulipeco de Becas, Est\u00edmulos y Cr\u00e9ditos Educativos (ITABEC).<\/p>\n<p>En ceremonia donde asistieron autoridades educativas estatales, fue un total de 493 estudiantes de la universidad quienes se vieron beneficiados con la entrega de esta beca por parte del Gobierno del Estado de Tamaulipas, con la finalidad de que contin\u00faen sus estudios y se grad\u00faen como futuros profesionistas en la entidad.<\/p>\n<p>\u201cHoy es un d\u00eda muy especial ya que celebramos uno de los compromisos m\u00e1s importantes de la educaci\u00f3n, el apoyo a nuestros estudiantes a trav\u00e9s de las becas del programa Futuro Tamaulipas, J\u00f3venes de Nivel Superior; estas becas representan mucho m\u00e1s que un simple apoyo financiero, son un reconocimiento al esfuerzo, dedicaci\u00f3n y talento de cada uno de ustedes, pero tambi\u00e9n es un voto de confianza que se deposita en ustedes, en sus habilidades y su compromiso con el desarrollo de Nuevo Laredo y Tamaulipas\u201d, precis\u00f3 Tovar Lara.<\/p>\n<p>Por su parte Guadalupe Acosta Villarreal, subsecretario de Educaci\u00f3n Media Superior y Superior, representante del gobernador Am\u00e9rico Villarreal Anaya, y de Luc\u00eda Aim\u00e9 Castillo Pastor, secretaria de Educaci\u00f3n, exhort\u00f3 a las y los j\u00f3venes a aprovechar sus becas y seguir su formaci\u00f3n profesional.<\/p>\n<p>\u201cEl gobernador y las autoridades estatales esperan mucho de ustedes, porque para transformar Tamaulipas se requiere de mucho esfuerzo, pero el gobernador y la secretaria de Educaci\u00f3n est\u00e1n convencidos que la educaci\u00f3n es una herramienta importante para la transformaci\u00f3n y para hacer de Tamaulipas el mejor lugar para vivir\u201d, enfatiz\u00f3.<\/p>\n<p>Mientras que Juan Guillermo Manzur Arzola, director general de ITABEC, resalt\u00f3 que estas becas forman parte de un total de 18 mil que se est\u00e1n repartiendo en todas las universidades del estado, lo que representa una inversi\u00f3n de poco m\u00e1s de 45 millones de pesos, del total de 250 millones de pesos que se tienen presupuestados para todas las becas en Tamaulipas.<\/p>\n<p>Durante la ceremonia se apunt\u00f3 que la entrega de estas becas es posible, gracias al respaldo total que el sector educativo tiene de parte del gobernador Am\u00e9rico Villarreal Anaya, que a trav\u00e9s de la Secretar\u00eda de Educaci\u00f3n, destina importantes recursos para que las y los estudiantes se mantengan en las aulas y en el futuro se conviertan en los motores de la transformaci\u00f3n de Tamaulipas.<\/p>\n<p>En la ceremonia de entrega de becas tambi\u00e9n estuvieron la regidora Leticia Meneses Camino, en representaci\u00f3n de la alcaldesa Carmen Lilia Canturosas Villarreal, as\u00ed como C\u00e9sar Bola\u00f1os Hern\u00e1ndez, titular del Centro Regional de Desarrollo Educativo; Jorge Alberto Ojeda Perdomo, coordinador zona 1 del Colegio de Bachilleres de Tamaulipas (COBAT) y Juan Eliud Ci\u00e9nega Jurado, presidente de la C\u00e1mara Nacional de Comercio de Nuevo Laredo.<\/p>\n<p><img loading=\"lazy\" decoding=\"async\" class=\"aligncenter size-full wp-image-139177\" src=\"https:\/\/www.buroperiodistico.com.mx\/wp-content\/uploads\/2024\/12\/UTNLaredo-I.jpeg\" alt=\"\" width=\"640\" height=\"426\" srcset=\"https:\/\/www.buroperiodistico.com.mx\/wp-content\/uploads\/2024\/12\/UTNLaredo-I.jpeg 640w, https:\/\/www.buroperiodistico.com.mx\/wp-content\/uploads\/2024\/12\/UTNLaredo-I-300x200.jpeg 300w\" sizes=\"auto, (max-width: 640px) 100vw, 640px\" \/> <img loading=\"lazy\" decoding=\"async\" class=\"aligncenter size-full wp-image-139180\" src=\"https:\/\/www.buroperiodistico.com.mx\/wp-content\/uploads\/2024\/12\/UTNLaredo-IIII.jpeg\" alt=\"\" width=\"640\" height=\"426\" srcset=\"https:\/\/www.buroperiodistico.com.mx\/wp-content\/uploads\/2024\/12\/UTNLaredo-IIII.jpeg 640w, https:\/\/www.buroperiodistico.com.mx\/wp-content\/uploads\/2024\/12\/UTNLaredo-IIII-300x200.jpeg 300w\" sizes=\"auto, (max-width: 640px) 100vw, 640px\" \/> <img loading=\"lazy\" decoding=\"async\" class=\"aligncenter size-full wp-image-139179\" src=\"https:\/\/www.buroperiodistico.com.mx\/wp-content\/uploads\/2024\/12\/UTNLaredo-III.jpeg\" alt=\"\" width=\"640\" height=\"426\" srcset=\"https:\/\/www.buroperiodistico.com.mx\/wp-content\/uploads\/2024\/12\/UTNLaredo-III.jpeg 640w, https:\/\/www.buroperiodistico.com.mx\/wp-content\/uploads\/2024\/12\/UTNLaredo-III-300x200.jpeg 300w\" sizes=\"auto, (max-width: 640px) 100vw, 640px\" \/> <img loading=\"lazy\" decoding=\"async\" class=\"aligncenter size-full wp-image-139178\" src=\"https:\/\/www.buroperiodistico.com.mx\/wp-content\/uploads\/2024\/12\/UTNLaredo-II.jpeg\" alt=\"\" width=\"640\" height=\"426\" srcset=\"https:\/\/www.buroperiodistico.com.mx\/wp-content\/uploads\/2024\/12\/UTNLaredo-II.jpeg 640w, https:\/\/www.buroperiodistico.com.mx\/wp-content\/uploads\/2024\/12\/UTNLaredo-II-300x200.jpeg 300w\" sizes=\"auto, (max-width: 640px) 100vw, 640px\" \/><\/p>\n","protected":false},"excerpt":{"rendered":"<p>Un total de 493 estudiantes de la Universidad Tecnol\u00f3gica de Nuevo Laredo son beneficiados con&#8230;<\/p>\n","protected":false},"author":1,"featured_media":139181,"comment_status":"closed","ping_status":"closed","sticky":false,"template":"","format":"standard","meta":{"footnotes":"","jetpack_publicize_message":"","jetpack_publicize_feature_enabled":true,"jetpack_social_post_already_shared":true,"jetpack_social_options":{"image_generator_settings":{"template":"highway","default_image_id":0,"font":"","enabled":false},"version":2}},"categories":[10],"tags":[],"class_list":["post-139176","post","type-post","status-publish","format-standard","has-post-thumbnail","hentry","category-tamaulipas"],"jetpack_publicize_connections":[],"_links":{"self":[{"href":"https:\/\/www.buroperiodistico.com.mx\/index.php?rest_route=\/wp\/v2\/posts\/139176","targetHints":{"allow":["GET"]}}],"collection":[{"href":"https:\/\/www.buroperiodistico.com.mx\/index.php?rest_route=\/wp\/v2\/posts"}],"about":[{"href":"https:\/\/www.buroperiodistico.com.mx\/index.php?rest_route=\/wp\/v2\/types\/post"}],"author":[{"embeddable":true,"href":"https:\/\/www.buroperiodistico.com.mx\/index.php?rest_route=\/wp\/v2\/users\/1"}],"replies":[{"embeddable":true,"href":"https:\/\/www.buroperiodistico.com.mx\/index.php?rest_route=%2Fwp%2Fv2%2Fcomments&post=139176"}],"version-history":[{"count":0,"href":"https:\/\/www.buroperiodistico.com.mx\/index.php?rest_route=\/wp\/v2\/posts\/139176\/revisions"}],"wp:featuredmedia":[{"embeddable":true,"href":"https:\/\/www.buroperiodistico.com.mx\/index.php?rest_route=\/wp\/v2\/media\/139181"}],"wp:attachment":[{"href":"https:\/\/www.buroperiodistico.com.mx\/index.php?rest_route=%2Fwp%2Fv2%2Fmedia&parent=139176"}],"wp:term":[{"taxonomy":"category","embeddable":true,"href":"https:\/\/www.buroperiodistico.com.mx\/index.php?rest_route=%2Fwp%2Fv2%2Fcategories&post=139176"},{"taxonomy":"post_tag","embeddable":true,"href":"https:\/\/www.buroperiodistico.com.mx\/index.php?rest_route=%2Fwp%2Fv2%2Ftags&post=139176"}],"curies":[{"name":"wp","href":"https:\/\/api.w.org\/{rel}","templated":true}]}}