{"id":139173,"date":"2024-12-13T17:07:23","date_gmt":"2024-12-13T23:07:23","guid":{"rendered":"https:\/\/www.buroperiodistico.com.mx\/?p=139173"},"modified":"2024-12-13T17:07:23","modified_gmt":"2024-12-13T23:07:23","slug":"movimiento-ciudadano-a-favor-de-regular-uso-de-vapeadores","status":"publish","type":"post","link":"https:\/\/www.buroperiodistico.com.mx\/?p=139173","title":{"rendered":"Movimiento Ciudadano a favor de regular uso de vapeadores"},"content":{"rendered":"<p><em><strong><img loading=\"lazy\" decoding=\"async\" class=\" wp-image-139174 alignright\" src=\"https:\/\/www.buroperiodistico.com.mx\/wp-content\/uploads\/2024\/12\/Mcx-2.jpeg\" alt=\"\" width=\"586\" height=\"356\" srcset=\"https:\/\/www.buroperiodistico.com.mx\/wp-content\/uploads\/2024\/12\/Mcx-2.jpeg 1024w, https:\/\/www.buroperiodistico.com.mx\/wp-content\/uploads\/2024\/12\/Mcx-2-300x182.jpeg 300w, https:\/\/www.buroperiodistico.com.mx\/wp-content\/uploads\/2024\/12\/Mcx-2-768x467.jpeg 768w\" sizes=\"auto, (max-width: 586px) 100vw, 586px\" \/>Ciudad Victoria, Tamaulipas (13-Diciembre-2024).-<\/strong><\/em> La prohibici\u00f3n del uso de los vapeadores, cigarros electr\u00f3nicos o sistemas anal\u00f3gicos es uno de los temas que se tomaron en tribuna por parte de los diputados locales de Movimiento Ciudadano, Mayra Benavides y Juan Carlos Zertuche, por lo que como fracci\u00f3n dieron a conocer que se deben de regular.<\/p>\n<p>\u00abNo estamos aqu\u00ed para negar los riesgos asociados al uso de vapeadores o el impacto devastador del fentanilo. Sin embargo, equiparar ambos problemas bajo el mismo esquema prohibicionista es una simplificaci\u00f3n peligrosa que ignora las complejidades del problema y los efectos reales de las pol\u00edticas p\u00fablicas\u00bb, afirm\u00f3, Juan Carlos Zertuche.<\/p>\n<p>Afirma que prohibir no funciona, las y los j\u00f3venes y adolescentes, son los principales usuarios de vapeadores, y ser\u00e1n los m\u00e1s afectados, ya que en lugar de brindarles informaci\u00f3n y alternativas seguras, se les expone a riesgos sanitarios mayores al obligarlos a recurrir a productos no regulados.<\/p>\n<p>Es relevante recordar que, seg\u00fan datos de la Encuesta Mundial de Tabaquismo de Adultos de 2023, el uso de cigarrillos\u00a0\u00a0electr\u00f3nicos en M\u00e9xico se duplic\u00f3 a pesar del decreto presidencial que prohibi\u00f3 su comercializaci\u00f3n, demostrandi una vez m\u00e1s, que prohibir no reduce el consumo, solo lo desplaza a la clandestinidad.<\/p>\n<p>\u00abDesde Movimiento Ciudadano, proponemos una alternativa sensata y responsable como la Regulaci\u00f3n estricta y control sanitario; Educaci\u00f3n y prevenci\u00f3n e Impuestos dirigidos. Esta propuesta no solo es m\u00e1s efectiva, sino que tambi\u00e9n respeta las libertades individuales y enfrenta el problema desde sus ra\u00edces, sin recurrir a soluciones simplistas que solo agravan las cosas\u00bb, adjunt\u00f3.<\/p>\n<p>Es por ello, que los legisladores de la fracci\u00f3n de Movimiento Ciudadano votaron en contra de esta reforma, por lo que seguir\u00e1n trabajando por una agenda que priorice los derechos y salud de las personas desde una perspectiva integral y efectiva.<\/p>\n","protected":false},"excerpt":{"rendered":"<p>Ciudad Victoria, Tamaulipas (13-Diciembre-2024).- La prohibici\u00f3n del uso de los vapeadores, cigarros electr\u00f3nicos o sistemas&#8230;<\/p>\n","protected":false},"author":1,"featured_media":139174,"comment_status":"closed","ping_status":"closed","sticky":false,"template":"","format":"standard","meta":{"footnotes":"","jetpack_publicize_message":"","jetpack_publicize_feature_enabled":true,"jetpack_social_post_already_shared":true,"jetpack_social_options":{"image_generator_settings":{"template":"highway","default_image_id":0,"font":"","enabled":false},"version":2}},"categories":[17],"tags":[],"class_list":["post-139173","post","type-post","status-publish","format-standard","has-post-thumbnail","hentry","category-ciudadvictoria"],"jetpack_publicize_connections":[],"_links":{"self":[{"href":"https:\/\/www.buroperiodistico.com.mx\/index.php?rest_route=\/wp\/v2\/posts\/139173","targetHints":{"allow":["GET"]}}],"collection":[{"href":"https:\/\/www.buroperiodistico.com.mx\/index.php?rest_route=\/wp\/v2\/posts"}],"about":[{"href":"https:\/\/www.buroperiodistico.com.mx\/index.php?rest_route=\/wp\/v2\/types\/post"}],"author":[{"embeddable":true,"href":"https:\/\/www.buroperiodistico.com.mx\/index.php?rest_route=\/wp\/v2\/users\/1"}],"replies":[{"embeddable":true,"href":"https:\/\/www.buroperiodistico.com.mx\/index.php?rest_route=%2Fwp%2Fv2%2Fcomments&post=139173"}],"version-history":[{"count":0,"href":"https:\/\/www.buroperiodistico.com.mx\/index.php?rest_route=\/wp\/v2\/posts\/139173\/revisions"}],"wp:featuredmedia":[{"embeddable":true,"href":"https:\/\/www.buroperiodistico.com.mx\/index.php?rest_route=\/wp\/v2\/media\/139174"}],"wp:attachment":[{"href":"https:\/\/www.buroperiodistico.com.mx\/index.php?rest_route=%2Fwp%2Fv2%2Fmedia&parent=139173"}],"wp:term":[{"taxonomy":"category","embeddable":true,"href":"https:\/\/www.buroperiodistico.com.mx\/index.php?rest_route=%2Fwp%2Fv2%2Fcategories&post=139173"},{"taxonomy":"post_tag","embeddable":true,"href":"https:\/\/www.buroperiodistico.com.mx\/index.php?rest_route=%2Fwp%2Fv2%2Ftags&post=139173"}],"curies":[{"name":"wp","href":"https:\/\/api.w.org\/{rel}","templated":true}]}}