{"id":139167,"date":"2024-12-13T17:04:33","date_gmt":"2024-12-13T23:04:33","guid":{"rendered":"https:\/\/www.buroperiodistico.com.mx\/?p=139167"},"modified":"2024-12-13T17:04:33","modified_gmt":"2024-12-13T23:04:33","slug":"entrego-presidente-carlos-pena-ortiz-nombramientos-a-delegados-de-la-zona-rural","status":"publish","type":"post","link":"https:\/\/www.buroperiodistico.com.mx\/?p=139167","title":{"rendered":"Entreg\u00f3 Presidente Carlos Pe\u00f1a Ortiz nombramientos a Delegados de la Zona Rural"},"content":{"rendered":"<p><em><strong><img loading=\"lazy\" decoding=\"async\" class=\" wp-image-139170 alignright\" src=\"https:\/\/www.buroperiodistico.com.mx\/wp-content\/uploads\/2024\/12\/CarlosPenax.jpeg\" alt=\"\" width=\"583\" height=\"354\" srcset=\"https:\/\/www.buroperiodistico.com.mx\/wp-content\/uploads\/2024\/12\/CarlosPenax.jpeg 1024w, https:\/\/www.buroperiodistico.com.mx\/wp-content\/uploads\/2024\/12\/CarlosPenax-300x182.jpeg 300w, https:\/\/www.buroperiodistico.com.mx\/wp-content\/uploads\/2024\/12\/CarlosPenax-768x467.jpeg 768w\" sizes=\"auto, (max-width: 583px) 100vw, 583px\" \/>Reynosa, Tam (13-Diciembre-2024).-<\/strong><\/em> El Alcalde Carlos Pe\u00f1a Ortiz entreg\u00f3 nombramientos a Delegados Municipales de 51 comunidades rurales del Municipio, quienes ser\u00e1n los responsables de gestionar las acciones de bienestar con las que el Imparable Gobierno de Reynosa 2024-2027 atiende a sus ciudadanos.<\/p>\n<p>\u00abMe da mucho gusto que ustedes sean la autoridad que represente al Gobierno en sus ejidos, para que podamos difundir los diferentes programas sociales y econ\u00f3micos, que tenemos\u00bb, dijo el Presidente acompa\u00f1ado por el Director de Desarrollo Rural, Carlos Alberto Ram\u00edrez L\u00f3pez y por el Secretario de Bienestar Social, H\u00e9ctor Alejandro Olivares Zavala.<\/p>\n<p>\u00abPara nosotros es muy importantes que sean parte de este Gobierno Municipal y podamos llegar a todos los rincones de Reynosa y que nadie se quede atr\u00e1s sin importar donde vivan\u00bb, agreg\u00f3.<\/p>\n<p>Los nuevos representantes del Gobierno Municipal de Reynosa, en los ejidos Santo Ni\u00f1o, Corrales, El Barranco, y Francisco Zarco, entre otros, son quienes estar\u00e1n m\u00e1s cerca de las comunidades rurales escuchando sus necesidades y trabajando mano a mano con el Ayuntamiento para llevar soluciones.<\/p>\n<p>#ReynosaImparable<br \/>\n#GobiernoMunicipalDeReynosa<\/p>\n<p><img loading=\"lazy\" decoding=\"async\" class=\"aligncenter size-full wp-image-139168\" src=\"https:\/\/www.buroperiodistico.com.mx\/wp-content\/uploads\/2024\/12\/CarlosPenax-I.jpeg\" alt=\"\" width=\"640\" height=\"427\" srcset=\"https:\/\/www.buroperiodistico.com.mx\/wp-content\/uploads\/2024\/12\/CarlosPenax-I.jpeg 640w, https:\/\/www.buroperiodistico.com.mx\/wp-content\/uploads\/2024\/12\/CarlosPenax-I-300x200.jpeg 300w\" sizes=\"auto, (max-width: 640px) 100vw, 640px\" \/> <img loading=\"lazy\" decoding=\"async\" class=\"aligncenter size-full wp-image-139169\" src=\"https:\/\/www.buroperiodistico.com.mx\/wp-content\/uploads\/2024\/12\/CarlosPenax-II.jpeg\" alt=\"\" width=\"640\" height=\"427\" srcset=\"https:\/\/www.buroperiodistico.com.mx\/wp-content\/uploads\/2024\/12\/CarlosPenax-II.jpeg 640w, https:\/\/www.buroperiodistico.com.mx\/wp-content\/uploads\/2024\/12\/CarlosPenax-II-300x200.jpeg 300w\" sizes=\"auto, (max-width: 640px) 100vw, 640px\" \/><\/p>\n<div style=\"width: 640px;\" class=\"wp-video\"><video class=\"wp-video-shortcode\" id=\"video-139167-1\" width=\"640\" height=\"360\" preload=\"metadata\" controls=\"controls\"><source type=\"video\/mp4\" src=\"https:\/\/www.buroperiodistico.com.mx\/wp-content\/uploads\/2024\/12\/WhatsApp-Video-2024-12-13-at-4.46.03-PM.mp4?_=1\" \/><a href=\"https:\/\/www.buroperiodistico.com.mx\/wp-content\/uploads\/2024\/12\/WhatsApp-Video-2024-12-13-at-4.46.03-PM.mp4\">https:\/\/www.buroperiodistico.com.mx\/wp-content\/uploads\/2024\/12\/WhatsApp-Video-2024-12-13-at-4.46.03-PM.mp4<\/a><\/video><\/div>\n","protected":false},"excerpt":{"rendered":"<p>Reynosa, Tam (13-Diciembre-2024).- El Alcalde Carlos Pe\u00f1a Ortiz entreg\u00f3 nombramientos a Delegados Municipales de 51&#8230;<\/p>\n","protected":false},"author":1,"featured_media":139170,"comment_status":"closed","ping_status":"closed","sticky":false,"template":"","format":"standard","meta":{"footnotes":"","jetpack_publicize_message":"","jetpack_publicize_feature_enabled":true,"jetpack_social_post_already_shared":true,"jetpack_social_options":{"image_generator_settings":{"template":"highway","default_image_id":0,"font":"","enabled":false},"version":2}},"categories":[25,9],"tags":[],"class_list":["post-139167","post","type-post","status-publish","format-standard","has-post-thumbnail","hentry","category-portada","category-reynosa"],"jetpack_publicize_connections":[],"_links":{"self":[{"href":"https:\/\/www.buroperiodistico.com.mx\/index.php?rest_route=\/wp\/v2\/posts\/139167","targetHints":{"allow":["GET"]}}],"collection":[{"href":"https:\/\/www.buroperiodistico.com.mx\/index.php?rest_route=\/wp\/v2\/posts"}],"about":[{"href":"https:\/\/www.buroperiodistico.com.mx\/index.php?rest_route=\/wp\/v2\/types\/post"}],"author":[{"embeddable":true,"href":"https:\/\/www.buroperiodistico.com.mx\/index.php?rest_route=\/wp\/v2\/users\/1"}],"replies":[{"embeddable":true,"href":"https:\/\/www.buroperiodistico.com.mx\/index.php?rest_route=%2Fwp%2Fv2%2Fcomments&post=139167"}],"version-history":[{"count":0,"href":"https:\/\/www.buroperiodistico.com.mx\/index.php?rest_route=\/wp\/v2\/posts\/139167\/revisions"}],"wp:featuredmedia":[{"embeddable":true,"href":"https:\/\/www.buroperiodistico.com.mx\/index.php?rest_route=\/wp\/v2\/media\/139170"}],"wp:attachment":[{"href":"https:\/\/www.buroperiodistico.com.mx\/index.php?rest_route=%2Fwp%2Fv2%2Fmedia&parent=139167"}],"wp:term":[{"taxonomy":"category","embeddable":true,"href":"https:\/\/www.buroperiodistico.com.mx\/index.php?rest_route=%2Fwp%2Fv2%2Fcategories&post=139167"},{"taxonomy":"post_tag","embeddable":true,"href":"https:\/\/www.buroperiodistico.com.mx\/index.php?rest_route=%2Fwp%2Fv2%2Ftags&post=139167"}],"curies":[{"name":"wp","href":"https:\/\/api.w.org\/{rel}","templated":true}]}}