{"id":139150,"date":"2024-12-13T15:18:36","date_gmt":"2024-12-13T21:18:36","guid":{"rendered":"https:\/\/www.buroperiodistico.com.mx\/?p=139150"},"modified":"2024-12-13T15:18:36","modified_gmt":"2024-12-13T21:18:36","slug":"gobierno-municipal-lleva-cultura-a-escuelas-a-traves-de-la-biblioteca-itinerante","status":"publish","type":"post","link":"https:\/\/www.buroperiodistico.com.mx\/?p=139150","title":{"rendered":"GOBIERNO MUNICIPAL LLEVA CULTURA A ESCUELAS A TRAV\u00c9S DE LA BIBLIOTECA ITINERANTE"},"content":{"rendered":"<p><em><strong><img loading=\"lazy\" decoding=\"async\" class=\" wp-image-139153 alignright\" src=\"https:\/\/www.buroperiodistico.com.mx\/wp-content\/uploads\/2024\/12\/Llevx.jpeg\" alt=\"\" width=\"616\" height=\"360\" srcset=\"https:\/\/www.buroperiodistico.com.mx\/wp-content\/uploads\/2024\/12\/Llevx.jpeg 1024w, https:\/\/www.buroperiodistico.com.mx\/wp-content\/uploads\/2024\/12\/Llevx-300x175.jpeg 300w, https:\/\/www.buroperiodistico.com.mx\/wp-content\/uploads\/2024\/12\/Llevx-768x449.jpeg 768w\" sizes=\"auto, (max-width: 616px) 100vw, 616px\" \/>Nuevo Laredo, Tam (13-Diciembre-2024).-<\/strong><\/em> El d\u00eda de ayer, el Gobierno Municipal de Nuevo Laredo, a trav\u00e9s de la Direcci\u00f3n de Arte y Cultura y la Coordinaci\u00f3n de Bibliotecas, llev\u00f3 a cabo una nueva edici\u00f3n del programa Biblioteca Itinerante, beneficiando a 127 alumnos de la Escuela Primaria \u201cAbd\u00f3n Rodr\u00edguez S\u00e1nchez\u201d en su turno matutino.<\/p>\n<p>Este proyecto tiene como objetivo fomentar el h\u00e1bito de la lectura y acercar herramientas educativas a los estudiantes de las distintas instituciones de la ciudad. Durante la visita, se realizaron actividades din\u00e1micas y l\u00fadicas relacionadas con los libros, incentivando el aprendizaje y la creatividad de los ni\u00f1os.<\/p>\n<p>El director del plantel, Jos\u00e9 \u00c1ngel Casas Villanueva, y su equipo de trabajo, ofrecieron todo el apoyo necesario para que esta jornada cultural fuera un \u00e9xito, destacando su compromiso con el bienestar educativo de los alumnos.<\/p>\n<p>Con estas acciones, el Gobierno Municipal reafirma su compromiso con la formaci\u00f3n integral de la ni\u00f1ez neolaredense, llevando la cultura y el conocimiento a cada rinc\u00f3n de la ciudad.<\/p>\n<p><img loading=\"lazy\" decoding=\"async\" class=\"aligncenter size-full wp-image-139151\" src=\"https:\/\/www.buroperiodistico.com.mx\/wp-content\/uploads\/2024\/12\/Llevx-I.jpeg\" alt=\"\" width=\"544\" height=\"480\" srcset=\"https:\/\/www.buroperiodistico.com.mx\/wp-content\/uploads\/2024\/12\/Llevx-I.jpeg 544w, https:\/\/www.buroperiodistico.com.mx\/wp-content\/uploads\/2024\/12\/Llevx-I-300x265.jpeg 300w\" sizes=\"auto, (max-width: 544px) 100vw, 544px\" \/> <img loading=\"lazy\" decoding=\"async\" class=\"aligncenter size-full wp-image-139152\" src=\"https:\/\/www.buroperiodistico.com.mx\/wp-content\/uploads\/2024\/12\/Llevx-II.jpeg\" alt=\"\" width=\"640\" height=\"480\" srcset=\"https:\/\/www.buroperiodistico.com.mx\/wp-content\/uploads\/2024\/12\/Llevx-II.jpeg 640w, https:\/\/www.buroperiodistico.com.mx\/wp-content\/uploads\/2024\/12\/Llevx-II-300x225.jpeg 300w\" sizes=\"auto, (max-width: 640px) 100vw, 640px\" \/><\/p>\n","protected":false},"excerpt":{"rendered":"<p>Nuevo Laredo, Tam (13-Diciembre-2024).- El d\u00eda de ayer, el Gobierno Municipal de Nuevo Laredo, a&#8230;<\/p>\n","protected":false},"author":1,"featured_media":139153,"comment_status":"closed","ping_status":"closed","sticky":false,"template":"","format":"standard","meta":{"footnotes":"","jetpack_publicize_message":"","jetpack_publicize_feature_enabled":true,"jetpack_social_post_already_shared":true,"jetpack_social_options":{"image_generator_settings":{"template":"highway","default_image_id":0,"font":"","enabled":false},"version":2}},"categories":[16],"tags":[],"class_list":["post-139150","post","type-post","status-publish","format-standard","has-post-thumbnail","hentry","category-nuevolaredo"],"jetpack_publicize_connections":[],"_links":{"self":[{"href":"https:\/\/www.buroperiodistico.com.mx\/index.php?rest_route=\/wp\/v2\/posts\/139150","targetHints":{"allow":["GET"]}}],"collection":[{"href":"https:\/\/www.buroperiodistico.com.mx\/index.php?rest_route=\/wp\/v2\/posts"}],"about":[{"href":"https:\/\/www.buroperiodistico.com.mx\/index.php?rest_route=\/wp\/v2\/types\/post"}],"author":[{"embeddable":true,"href":"https:\/\/www.buroperiodistico.com.mx\/index.php?rest_route=\/wp\/v2\/users\/1"}],"replies":[{"embeddable":true,"href":"https:\/\/www.buroperiodistico.com.mx\/index.php?rest_route=%2Fwp%2Fv2%2Fcomments&post=139150"}],"version-history":[{"count":0,"href":"https:\/\/www.buroperiodistico.com.mx\/index.php?rest_route=\/wp\/v2\/posts\/139150\/revisions"}],"wp:featuredmedia":[{"embeddable":true,"href":"https:\/\/www.buroperiodistico.com.mx\/index.php?rest_route=\/wp\/v2\/media\/139153"}],"wp:attachment":[{"href":"https:\/\/www.buroperiodistico.com.mx\/index.php?rest_route=%2Fwp%2Fv2%2Fmedia&parent=139150"}],"wp:term":[{"taxonomy":"category","embeddable":true,"href":"https:\/\/www.buroperiodistico.com.mx\/index.php?rest_route=%2Fwp%2Fv2%2Fcategories&post=139150"},{"taxonomy":"post_tag","embeddable":true,"href":"https:\/\/www.buroperiodistico.com.mx\/index.php?rest_route=%2Fwp%2Fv2%2Ftags&post=139150"}],"curies":[{"name":"wp","href":"https:\/\/api.w.org\/{rel}","templated":true}]}}