{"id":139144,"date":"2024-12-13T15:13:29","date_gmt":"2024-12-13T21:13:29","guid":{"rendered":"https:\/\/www.buroperiodistico.com.mx\/?p=139144"},"modified":"2024-12-13T15:13:29","modified_gmt":"2024-12-13T21:13:29","slug":"apoya-la-uat-educacion-universitaria-de-hijos-del-personal-academico","status":"publish","type":"post","link":"https:\/\/www.buroperiodistico.com.mx\/?p=139144","title":{"rendered":"Apoya la UAT educaci\u00f3n universitaria de hijos del personal acad\u00e9mico"},"content":{"rendered":"<ul>\n<li><strong><em>El rector D\u00e1maso Anaya hizo entrega de est\u00edmulos econ\u00f3micos a estudiantes hijos del personal acad\u00e9mico destacados por su alto promedio en la UAT.<\/em><\/strong><\/li>\n<\/ul>\n<p><strong><img loading=\"lazy\" decoding=\"async\" class=\" wp-image-139148 alignright\" src=\"https:\/\/www.buroperiodistico.com.mx\/wp-content\/uploads\/2024\/12\/ApoyalaUAT.jpg\" alt=\"\" width=\"563\" height=\"343\" srcset=\"https:\/\/www.buroperiodistico.com.mx\/wp-content\/uploads\/2024\/12\/ApoyalaUAT.jpg 1024w, https:\/\/www.buroperiodistico.com.mx\/wp-content\/uploads\/2024\/12\/ApoyalaUAT-300x183.jpg 300w, https:\/\/www.buroperiodistico.com.mx\/wp-content\/uploads\/2024\/12\/ApoyalaUAT-768x468.jpg 768w\" sizes=\"auto, (max-width: 563px) 100vw, 563px\" \/>Ciudad Victoria, Tam (13-Diciembre-2024).-<\/strong> El rector D\u00e1maso Anaya Alvarado presidi\u00f3 la entrega de est\u00edmulos econ\u00f3micos a hijos del personal acad\u00e9mico que consiguieron los m\u00e1s altos promedios como estudiantes de las escuelas, facultades y unidades acad\u00e9micas de la Universidad Aut\u00f3noma de Tamaulipas (UAT).<\/p>\n<p>Acompa\u00f1ado del secretario general del Sindicato \u00danico de Trabajadores Acad\u00e9micos (SUTAUAT), Luis Gerardo Galv\u00e1n Velazco, el rector D\u00e1maso Anaya hizo entrega simb\u00f3lica de este apoyo destinado a estudiantes de los campus de Victoria, Tampico, Mante y la zona norte del estado.<\/p>\n<p>Tras felicitar a los j\u00f3venes por su esfuerzo y dedicaci\u00f3n, resalt\u00f3 que este reconocimiento acad\u00e9mico representa tambi\u00e9n un testimonio del compromiso de la universidad con el bienestar integral de las familias que conforman su comunidad.<\/p>\n<p>Dijo que la UAT seguir\u00e1 buscando mayores beneficios a sus estudiantes, y en ese sentido, anunci\u00f3 que, con el apoyo del Gobierno de Tamaulipas, est\u00e1 en marcha un proyecto para crear rutas de transporte mediante veh\u00edculos el\u00e9ctricos que cubrir\u00edan necesidades de cientos de j\u00f3venes en los distintos campus.<\/p>\n<p>Respecto a los est\u00edmulos econ\u00f3micos, dijo que en esta ocasi\u00f3n se entregan a sesenta y dos estudiantes de licenciatura y dieciocho de bachillerato, de los cuales, 52 son mujeres y 28 hombres, cuya dedicaci\u00f3n acad\u00e9mica refleja los valores que gu\u00edan a la universidad.<\/p>\n<p style=\"text-align: center;\"><strong>La UAT es \u00fanica en el pa\u00eds en entregar equipo de c\u00f3mputo gratuito a sus docentes y alumnos<\/strong><\/p>\n<p>Por su parte, el secretario general del SUTAUAT, Luis Gerardo Galv\u00e1n Velazco, agradeci\u00f3 al rector D\u00e1maso Anaya la reciente entrega de equipo de c\u00f3mputo port\u00e1til, subrayando que es la primera vez que la UAT les otorga este beneficio gratuito, y que, a nivel nacional, es la \u00fanica universidad que brinda a sus estudiantes y docentes este importante herramienta para su labor acad\u00e9mica.<\/p>\n<p>De la misma manera resalt\u00f3 la importancia de esta ceremonia en la que se refleja un incremento del est\u00edmulo que reciben los hijos del personal acad\u00e9mico, lo que dijo, es una muestra del compromiso de la administraci\u00f3n rectoral con este gremio.<\/p>\n<p><img loading=\"lazy\" decoding=\"async\" class=\"aligncenter size-full wp-image-139145\" src=\"https:\/\/www.buroperiodistico.com.mx\/wp-content\/uploads\/2024\/12\/ApoyalaUAT-I.jpg\" alt=\"\" width=\"640\" height=\"400\" srcset=\"https:\/\/www.buroperiodistico.com.mx\/wp-content\/uploads\/2024\/12\/ApoyalaUAT-I.jpg 640w, https:\/\/www.buroperiodistico.com.mx\/wp-content\/uploads\/2024\/12\/ApoyalaUAT-I-300x188.jpg 300w\" sizes=\"auto, (max-width: 640px) 100vw, 640px\" \/> <img loading=\"lazy\" decoding=\"async\" class=\"aligncenter size-full wp-image-139147\" src=\"https:\/\/www.buroperiodistico.com.mx\/wp-content\/uploads\/2024\/12\/ApoyalaUAT-III.jpg\" alt=\"\" width=\"640\" height=\"427\" srcset=\"https:\/\/www.buroperiodistico.com.mx\/wp-content\/uploads\/2024\/12\/ApoyalaUAT-III.jpg 640w, https:\/\/www.buroperiodistico.com.mx\/wp-content\/uploads\/2024\/12\/ApoyalaUAT-III-300x200.jpg 300w\" sizes=\"auto, (max-width: 640px) 100vw, 640px\" \/> <img loading=\"lazy\" decoding=\"async\" class=\"aligncenter size-full wp-image-139146\" src=\"https:\/\/www.buroperiodistico.com.mx\/wp-content\/uploads\/2024\/12\/ApoyalaUAT-II.jpg\" alt=\"\" width=\"640\" height=\"427\" srcset=\"https:\/\/www.buroperiodistico.com.mx\/wp-content\/uploads\/2024\/12\/ApoyalaUAT-II.jpg 640w, https:\/\/www.buroperiodistico.com.mx\/wp-content\/uploads\/2024\/12\/ApoyalaUAT-II-300x200.jpg 300w\" sizes=\"auto, (max-width: 640px) 100vw, 640px\" \/><\/p>\n","protected":false},"excerpt":{"rendered":"<p>El rector D\u00e1maso Anaya hizo entrega de est\u00edmulos econ\u00f3micos a estudiantes hijos del personal acad\u00e9mico&#8230;<\/p>\n","protected":false},"author":1,"featured_media":139148,"comment_status":"closed","ping_status":"closed","sticky":false,"template":"","format":"standard","meta":{"footnotes":"","jetpack_publicize_message":"","jetpack_publicize_feature_enabled":true,"jetpack_social_post_already_shared":true,"jetpack_social_options":{"image_generator_settings":{"template":"highway","default_image_id":0,"font":"","enabled":false},"version":2}},"categories":[25,28],"tags":[],"class_list":["post-139144","post","type-post","status-publish","format-standard","has-post-thumbnail","hentry","category-portada","category-uat"],"jetpack_publicize_connections":[],"_links":{"self":[{"href":"https:\/\/www.buroperiodistico.com.mx\/index.php?rest_route=\/wp\/v2\/posts\/139144","targetHints":{"allow":["GET"]}}],"collection":[{"href":"https:\/\/www.buroperiodistico.com.mx\/index.php?rest_route=\/wp\/v2\/posts"}],"about":[{"href":"https:\/\/www.buroperiodistico.com.mx\/index.php?rest_route=\/wp\/v2\/types\/post"}],"author":[{"embeddable":true,"href":"https:\/\/www.buroperiodistico.com.mx\/index.php?rest_route=\/wp\/v2\/users\/1"}],"replies":[{"embeddable":true,"href":"https:\/\/www.buroperiodistico.com.mx\/index.php?rest_route=%2Fwp%2Fv2%2Fcomments&post=139144"}],"version-history":[{"count":0,"href":"https:\/\/www.buroperiodistico.com.mx\/index.php?rest_route=\/wp\/v2\/posts\/139144\/revisions"}],"wp:featuredmedia":[{"embeddable":true,"href":"https:\/\/www.buroperiodistico.com.mx\/index.php?rest_route=\/wp\/v2\/media\/139148"}],"wp:attachment":[{"href":"https:\/\/www.buroperiodistico.com.mx\/index.php?rest_route=%2Fwp%2Fv2%2Fmedia&parent=139144"}],"wp:term":[{"taxonomy":"category","embeddable":true,"href":"https:\/\/www.buroperiodistico.com.mx\/index.php?rest_route=%2Fwp%2Fv2%2Fcategories&post=139144"},{"taxonomy":"post_tag","embeddable":true,"href":"https:\/\/www.buroperiodistico.com.mx\/index.php?rest_route=%2Fwp%2Fv2%2Ftags&post=139144"}],"curies":[{"name":"wp","href":"https:\/\/api.w.org\/{rel}","templated":true}]}}