{"id":139130,"date":"2024-12-13T14:47:15","date_gmt":"2024-12-13T20:47:15","guid":{"rendered":"https:\/\/www.buroperiodistico.com.mx\/?p=139130"},"modified":"2024-12-13T14:47:15","modified_gmt":"2024-12-13T20:47:15","slug":"presentan-primer-informe-de-los-servicios-nacionales-de-salud-publica","status":"publish","type":"post","link":"https:\/\/www.buroperiodistico.com.mx\/?p=139130","title":{"rendered":"Presentan Primer Informe de los Servicios Nacionales de Salud P\u00fablica"},"content":{"rendered":"<ul>\n<li><strong><em>Se proyectaron los logros del 2024 y se aseguraron los contratos del personal para el 2025 del IMSS Bienestar<\/em><\/strong><\/li>\n<\/ul>\n<p><strong><img loading=\"lazy\" decoding=\"async\" class=\" wp-image-139132 alignright\" src=\"https:\/\/www.buroperiodistico.com.mx\/wp-content\/uploads\/2024\/12\/SSTx-1.jpeg\" alt=\"\" width=\"534\" height=\"317\" srcset=\"https:\/\/www.buroperiodistico.com.mx\/wp-content\/uploads\/2024\/12\/SSTx-1.jpeg 1024w, https:\/\/www.buroperiodistico.com.mx\/wp-content\/uploads\/2024\/12\/SSTx-1-300x178.jpeg 300w, https:\/\/www.buroperiodistico.com.mx\/wp-content\/uploads\/2024\/12\/SSTx-1-768x456.jpeg 768w\" sizes=\"auto, (max-width: 534px) 100vw, 534px\" \/>Ciudad Victoria, Tamaulipas (13-Diciembre-2024).-<\/strong> Con el firme prop\u00f3sito de analizar cada una de las estrategias y acciones que se han realizado en la estructura de los Servicios de Salud de Tamaulipas con la coordinaci\u00f3n de los servicios Nacionales en Salud P\u00fablica, IMSS- Bienestar y las 12 jurisdicciones sanitarias, se llev\u00f3 a cabo el Primer Informe de Actividades.<\/p>\n<p>Al presidir el evento de esta nueva estructura nacional, el secretario de Salud, Vicente Joel Hern\u00e1ndez Navarro, invit\u00f3 a las y los asistentes a mantener el liderazgo e impactar en la salud p\u00fablica, en donde las jurisdicciones sanitarias juegan un rol importante para buscar instrumentos que beneficien a la poblaci\u00f3n como lo han aplicado en situaciones como las de dengue, el control de enfermedades cr\u00f3nico degenerativas, las pandemias, las contingencias, entre otras.<\/p>\n<p>\u201cEste nuevo sistema de salud, en el que el gobernador Am\u00e9rico Villarreal Anaya, ha coordinado a nivel nacional, opera de manera cotidiana y se ha ido acoplando de una forma integrada a trav\u00e9s de ustedes, las jurisdicciones sanitarias, en donde ha imperado el respeto y el compa\u00f1erismo para otorgar a la poblaci\u00f3n, la salud de calidad y con sentido humano que se merece\u201d, destac\u00f3 Hern\u00e1ndez Navarro.<\/p>\n<p>En el evento, la coordinaci\u00f3n estatal de los Servicios Nacionales de Salud P\u00fablica, representada por Ra\u00fal Ernesto Huidobro Guevara, proyect\u00f3 las bases para continuar con el fortalecimiento de la rector\u00eda y gobernanza de la Secretar\u00eda de Salud, as\u00ed como los avances y logros realizados en el 2024, el plan de trabajo para el 2025 y la integraci\u00f3n de los planes estatales en el marco del modelo \u201cM\u00e1s Bienestar\u201d.<\/p>\n<p>Por \u00faltimo el titular de la Secretar\u00eda de Salud, destac\u00f3 que en este primer cierre de actividades, entre las gestiones que se tomaron en cuanta con la federaci\u00f3n, fue asegurar los recursos para la implementaci\u00f3n de los programas, as\u00ed como la permanencia de los contratos del recurso humano.<\/p>\n<p>Entre los asistentes al evento, que se llev\u00f3 a cabo en las instalaciones de la Universidad La Salle de esta ciudad, se cont\u00f3 con la presencia del subsecretario de Atenci\u00f3n M\u00e9dica, Mart\u00edn Arturo Rodr\u00edguez Alcocer; el subsecretario de Salud P\u00fablica, Rembrandt Reyes N\u00e1jera; la subsecretaria de Enfermer\u00eda, Irma Barrag\u00e1n Alvarado; el subsecretario de Planeaci\u00f3n y Calidad, Gabriel de la Garza Garza; la subsecretaria de Administraci\u00f3n y Finanzas, Carolina Arriaga Flores; el comisionado estatal para la Protecci\u00f3n contra Riesgos Sanitarios, Ram\u00f3n Gonz\u00e1lez Mart\u00ednez; as\u00ed como los representantes de las 12 jurisdicciones sanitarias de la entidad.<\/p>\n<p><img loading=\"lazy\" decoding=\"async\" class=\"aligncenter size-full wp-image-139131\" src=\"https:\/\/www.buroperiodistico.com.mx\/wp-content\/uploads\/2024\/12\/SSTx-I.jpeg\" alt=\"\" width=\"640\" height=\"426\" srcset=\"https:\/\/www.buroperiodistico.com.mx\/wp-content\/uploads\/2024\/12\/SSTx-I.jpeg 640w, https:\/\/www.buroperiodistico.com.mx\/wp-content\/uploads\/2024\/12\/SSTx-I-300x200.jpeg 300w\" sizes=\"auto, (max-width: 640px) 100vw, 640px\" \/><\/p>\n","protected":false},"excerpt":{"rendered":"<p>Se proyectaron los logros del 2024 y se aseguraron los contratos del personal para el&#8230;<\/p>\n","protected":false},"author":1,"featured_media":139132,"comment_status":"closed","ping_status":"closed","sticky":false,"template":"","format":"standard","meta":{"footnotes":"","jetpack_publicize_message":"","jetpack_publicize_feature_enabled":true,"jetpack_social_post_already_shared":true,"jetpack_social_options":{"image_generator_settings":{"template":"highway","default_image_id":0,"font":"","enabled":false},"version":2}},"categories":[25,10],"tags":[],"class_list":["post-139130","post","type-post","status-publish","format-standard","has-post-thumbnail","hentry","category-portada","category-tamaulipas"],"jetpack_publicize_connections":[],"_links":{"self":[{"href":"https:\/\/www.buroperiodistico.com.mx\/index.php?rest_route=\/wp\/v2\/posts\/139130","targetHints":{"allow":["GET"]}}],"collection":[{"href":"https:\/\/www.buroperiodistico.com.mx\/index.php?rest_route=\/wp\/v2\/posts"}],"about":[{"href":"https:\/\/www.buroperiodistico.com.mx\/index.php?rest_route=\/wp\/v2\/types\/post"}],"author":[{"embeddable":true,"href":"https:\/\/www.buroperiodistico.com.mx\/index.php?rest_route=\/wp\/v2\/users\/1"}],"replies":[{"embeddable":true,"href":"https:\/\/www.buroperiodistico.com.mx\/index.php?rest_route=%2Fwp%2Fv2%2Fcomments&post=139130"}],"version-history":[{"count":0,"href":"https:\/\/www.buroperiodistico.com.mx\/index.php?rest_route=\/wp\/v2\/posts\/139130\/revisions"}],"wp:featuredmedia":[{"embeddable":true,"href":"https:\/\/www.buroperiodistico.com.mx\/index.php?rest_route=\/wp\/v2\/media\/139132"}],"wp:attachment":[{"href":"https:\/\/www.buroperiodistico.com.mx\/index.php?rest_route=%2Fwp%2Fv2%2Fmedia&parent=139130"}],"wp:term":[{"taxonomy":"category","embeddable":true,"href":"https:\/\/www.buroperiodistico.com.mx\/index.php?rest_route=%2Fwp%2Fv2%2Fcategories&post=139130"},{"taxonomy":"post_tag","embeddable":true,"href":"https:\/\/www.buroperiodistico.com.mx\/index.php?rest_route=%2Fwp%2Fv2%2Ftags&post=139130"}],"curies":[{"name":"wp","href":"https:\/\/api.w.org\/{rel}","templated":true}]}}