{"id":139126,"date":"2024-12-13T14:17:52","date_gmt":"2024-12-13T20:17:52","guid":{"rendered":"https:\/\/www.buroperiodistico.com.mx\/?p=139126"},"modified":"2024-12-13T14:17:52","modified_gmt":"2024-12-13T20:17:52","slug":"presentara-irca-jarachina-imparable-atractivo-programa-navideno","status":"publish","type":"post","link":"https:\/\/www.buroperiodistico.com.mx\/?p=139126","title":{"rendered":"Presentar\u00e1 IRCA Jarachina imparable atractivo programa navide\u00f1o"},"content":{"rendered":"<ul>\n<li><strong><em>El Alcalde Carlos Pe\u00f1a Ortiz mantiene firme su compromiso con el fomento de las tradiciones.<\/em><\/strong><\/li>\n<\/ul>\n<p><strong><img loading=\"lazy\" decoding=\"async\" class=\"size-full wp-image-139127 alignright\" src=\"https:\/\/www.buroperiodistico.com.mx\/wp-content\/uploads\/2024\/12\/IRCAx-I-2.jpeg\" alt=\"\" width=\"577\" height=\"480\" srcset=\"https:\/\/www.buroperiodistico.com.mx\/wp-content\/uploads\/2024\/12\/IRCAx-I-2.jpeg 577w, https:\/\/www.buroperiodistico.com.mx\/wp-content\/uploads\/2024\/12\/IRCAx-I-2-300x250.jpeg 300w\" sizes=\"auto, (max-width: 577px) 100vw, 577px\" \/>Reynosa, Tam (13-Diciembre-2024).-<\/strong> El Gobierno de Reynosa, que encabeza el Presidente Municipal Carlos Pe\u00f1a Ortiz, a trav\u00e9s del Instituto Reynosense para la Cultura y las Artes, IRCA, invita al p\u00fablico a la presentaci\u00f3n de la Banda Sinf\u00f3nica Municipal \u00abMaestro El\u00edas Valenzuela\u00bb y la Broncos Marching Band.<\/p>\n<p>Impulsando eventos de arte y cultura Imparables, el programa se llevar\u00e1 a cabo el pr\u00f3ximo domingo 15 de diciembre a las 4:30 de la tarde en el anfiteatro del IRCA, en la colonia Lomas del Real de Jarachina Sur, con entrada gratuita.<\/p>\n<p>La banda interpretar\u00e1 melod\u00edas como \u00abWhite Christmas\u00bb, \u00abRodolfo el Reno\u00bb, \u00abThe First Noel\u00bb y \u00abMi Burrito Sabanero\u00bb, entre otras, para deleitar al p\u00fablico asistente, adem\u00e1s que la Broncos Marching Band demostrar\u00e1 su talento en el gran programa navide\u00f1o organizado para esta ocasi\u00f3n.<\/p>\n<p>#ReynosaImparable #Reynosa #Tamaulipas<\/p>\n","protected":false},"excerpt":{"rendered":"<p>El Alcalde Carlos Pe\u00f1a Ortiz mantiene firme su compromiso con el fomento de las tradiciones&#8230;.<\/p>\n","protected":false},"author":1,"featured_media":139128,"comment_status":"closed","ping_status":"closed","sticky":false,"template":"","format":"standard","meta":{"footnotes":"","jetpack_publicize_message":"","jetpack_publicize_feature_enabled":true,"jetpack_social_post_already_shared":true,"jetpack_social_options":{"image_generator_settings":{"template":"highway","default_image_id":0,"font":"","enabled":false},"version":2}},"categories":[9],"tags":[],"class_list":["post-139126","post","type-post","status-publish","format-standard","has-post-thumbnail","hentry","category-reynosa"],"jetpack_publicize_connections":[],"_links":{"self":[{"href":"https:\/\/www.buroperiodistico.com.mx\/index.php?rest_route=\/wp\/v2\/posts\/139126","targetHints":{"allow":["GET"]}}],"collection":[{"href":"https:\/\/www.buroperiodistico.com.mx\/index.php?rest_route=\/wp\/v2\/posts"}],"about":[{"href":"https:\/\/www.buroperiodistico.com.mx\/index.php?rest_route=\/wp\/v2\/types\/post"}],"author":[{"embeddable":true,"href":"https:\/\/www.buroperiodistico.com.mx\/index.php?rest_route=\/wp\/v2\/users\/1"}],"replies":[{"embeddable":true,"href":"https:\/\/www.buroperiodistico.com.mx\/index.php?rest_route=%2Fwp%2Fv2%2Fcomments&post=139126"}],"version-history":[{"count":0,"href":"https:\/\/www.buroperiodistico.com.mx\/index.php?rest_route=\/wp\/v2\/posts\/139126\/revisions"}],"wp:featuredmedia":[{"embeddable":true,"href":"https:\/\/www.buroperiodistico.com.mx\/index.php?rest_route=\/wp\/v2\/media\/139128"}],"wp:attachment":[{"href":"https:\/\/www.buroperiodistico.com.mx\/index.php?rest_route=%2Fwp%2Fv2%2Fmedia&parent=139126"}],"wp:term":[{"taxonomy":"category","embeddable":true,"href":"https:\/\/www.buroperiodistico.com.mx\/index.php?rest_route=%2Fwp%2Fv2%2Fcategories&post=139126"},{"taxonomy":"post_tag","embeddable":true,"href":"https:\/\/www.buroperiodistico.com.mx\/index.php?rest_route=%2Fwp%2Fv2%2Ftags&post=139126"}],"curies":[{"name":"wp","href":"https:\/\/api.w.org\/{rel}","templated":true}]}}