{"id":139122,"date":"2024-12-13T14:12:34","date_gmt":"2024-12-13T20:12:34","guid":{"rendered":"https:\/\/www.buroperiodistico.com.mx\/?p=139122"},"modified":"2024-12-13T14:12:34","modified_gmt":"2024-12-13T20:12:34","slug":"apoya-gobierno-de-reynosa-a-seleccion-de-beisbol","status":"publish","type":"post","link":"https:\/\/www.buroperiodistico.com.mx\/?p=139122","title":{"rendered":"Apoya Gobierno de Reynosa a Selecci\u00f3n de Beisbol"},"content":{"rendered":"<p><em><strong><img loading=\"lazy\" decoding=\"async\" class=\" wp-image-139124 alignright\" src=\"https:\/\/www.buroperiodistico.com.mx\/wp-content\/uploads\/2024\/12\/IMDx.jpeg\" alt=\"\" width=\"597\" height=\"353\" srcset=\"https:\/\/www.buroperiodistico.com.mx\/wp-content\/uploads\/2024\/12\/IMDx.jpeg 1024w, https:\/\/www.buroperiodistico.com.mx\/wp-content\/uploads\/2024\/12\/IMDx-300x177.jpeg 300w, https:\/\/www.buroperiodistico.com.mx\/wp-content\/uploads\/2024\/12\/IMDx-768x454.jpeg 768w\" sizes=\"auto, (max-width: 597px) 100vw, 597px\" \/>Reynosa, Tam (13-Diciembre-2024).-<\/strong><\/em> El Gobierno de Reynosa, encabezado por el Alcalde Carlos Pe\u00f1a Ortiz, reafirma su compromiso con el deporte al brindar apoyo total a la Selecci\u00f3n de Reynosa de Beisbol, que viajar\u00e1 a Ciudad Victoria para disputar el torneo Estatal con el objetivo de representar a Tamaulipas en los Juegos Nacionales CONADE 2025.<\/p>\n<p>Durante su preparaci\u00f3n, el Instituto Municipal del Deporte proporcion\u00f3 acceso a la infraestructura necesaria, asegurando condiciones \u00f3ptimas para que los jugadores lleguen en su mejor nivel competitivo a este importante evento.<\/p>\n<p>El esfuerzo y dedicaci\u00f3n de estos j\u00f3venes talentos reflejan el esp\u00edritu deportivo de Reynosa, y su participaci\u00f3n es un orgullo para toda la ciudad.<\/p>\n<p>#ReynosaImparable<\/p>\n<p><img loading=\"lazy\" decoding=\"async\" class=\"aligncenter size-full wp-image-139123\" src=\"https:\/\/www.buroperiodistico.com.mx\/wp-content\/uploads\/2024\/12\/IMDx-I.jpeg\" alt=\"\" width=\"584\" height=\"480\" srcset=\"https:\/\/www.buroperiodistico.com.mx\/wp-content\/uploads\/2024\/12\/IMDx-I.jpeg 584w, https:\/\/www.buroperiodistico.com.mx\/wp-content\/uploads\/2024\/12\/IMDx-I-300x247.jpeg 300w\" sizes=\"auto, (max-width: 584px) 100vw, 584px\" \/><\/p>\n","protected":false},"excerpt":{"rendered":"<p>Reynosa, Tam (13-Diciembre-2024).- El Gobierno de Reynosa, encabezado por el Alcalde Carlos Pe\u00f1a Ortiz, reafirma&#8230;<\/p>\n","protected":false},"author":1,"featured_media":139124,"comment_status":"closed","ping_status":"closed","sticky":false,"template":"","format":"standard","meta":{"footnotes":"","jetpack_publicize_message":"","jetpack_publicize_feature_enabled":true,"jetpack_social_post_already_shared":true,"jetpack_social_options":{"image_generator_settings":{"template":"highway","default_image_id":0,"font":"","enabled":false},"version":2}},"categories":[9],"tags":[],"class_list":["post-139122","post","type-post","status-publish","format-standard","has-post-thumbnail","hentry","category-reynosa"],"jetpack_publicize_connections":[],"_links":{"self":[{"href":"https:\/\/www.buroperiodistico.com.mx\/index.php?rest_route=\/wp\/v2\/posts\/139122","targetHints":{"allow":["GET"]}}],"collection":[{"href":"https:\/\/www.buroperiodistico.com.mx\/index.php?rest_route=\/wp\/v2\/posts"}],"about":[{"href":"https:\/\/www.buroperiodistico.com.mx\/index.php?rest_route=\/wp\/v2\/types\/post"}],"author":[{"embeddable":true,"href":"https:\/\/www.buroperiodistico.com.mx\/index.php?rest_route=\/wp\/v2\/users\/1"}],"replies":[{"embeddable":true,"href":"https:\/\/www.buroperiodistico.com.mx\/index.php?rest_route=%2Fwp%2Fv2%2Fcomments&post=139122"}],"version-history":[{"count":0,"href":"https:\/\/www.buroperiodistico.com.mx\/index.php?rest_route=\/wp\/v2\/posts\/139122\/revisions"}],"wp:featuredmedia":[{"embeddable":true,"href":"https:\/\/www.buroperiodistico.com.mx\/index.php?rest_route=\/wp\/v2\/media\/139124"}],"wp:attachment":[{"href":"https:\/\/www.buroperiodistico.com.mx\/index.php?rest_route=%2Fwp%2Fv2%2Fmedia&parent=139122"}],"wp:term":[{"taxonomy":"category","embeddable":true,"href":"https:\/\/www.buroperiodistico.com.mx\/index.php?rest_route=%2Fwp%2Fv2%2Fcategories&post=139122"},{"taxonomy":"post_tag","embeddable":true,"href":"https:\/\/www.buroperiodistico.com.mx\/index.php?rest_route=%2Fwp%2Fv2%2Ftags&post=139122"}],"curies":[{"name":"wp","href":"https:\/\/api.w.org\/{rel}","templated":true}]}}