{"id":12376,"date":"2022-05-17T14:22:55","date_gmt":"2022-05-17T20:22:55","guid":{"rendered":"https:\/\/www.buroperiodistico.com.mx\/?p=12376"},"modified":"2022-05-17T14:22:55","modified_gmt":"2022-05-17T20:22:55","slug":"llama-agricultura-a-tiendas-de-autoservicio-y-departamentales-a-cerrar-filas-ante-volatilidad-global","status":"publish","type":"post","link":"https:\/\/www.buroperiodistico.com.mx\/?p=12376","title":{"rendered":"Llama Agricultura a tiendas de autoservicio y departamentales a cerrar filas ante volatilidad global"},"content":{"rendered":"<p><em><strong>\u2022 El secretario de Agricultura y Desarrollo Rural, V\u00edctor Villalobos Ar\u00e1mbula, se\u00f1al\u00f3 que el compromiso de la Asociaci\u00f3n Nacional de Tiendas de Autoservicio y Departamentales (ANTAD) es fundamental para mantener sano el abasto y comercializaci\u00f3n de alimentos en el pa\u00eds.<\/strong><\/em><\/p>\n<p><em><strong>\u2022 El objetivo es evitar factores nocivos que resultan doblemente perjudiciales en tiempos actuales, como la especulaci\u00f3n o el encarecimiento de productos sin justificaci\u00f3n razonable, subray\u00f3 al inaugurar la Expo Antad Alimentaria 2022 en Guadalajara, Jalisco.<\/strong><\/em><\/p>\n<p><em><strong>\u2022 En el encuentro internacional, que inici\u00f3 hoy y concluir\u00e1 este jueves, el presidente de la ANTAD, Vicente Y\u00e1\u00f1ez Solloa, subray\u00f3 que esta exposici\u00f3n se ha consolidado como punto estrat\u00e9gico de la cadena de abasto de bienes y servicios en M\u00e9xico y la plataforma de negocios m\u00e1s importante de Am\u00e9rica Latina.<\/strong><\/em><\/p>\n<p><em><strong><img loading=\"lazy\" decoding=\"async\" class=\"alignright  wp-image-12377\" src=\"https:\/\/www.buroperiodistico.com.mx\/wp-content\/uploads\/2022\/05\/ANTAD.jpeg\" alt=\"\" width=\"571\" height=\"321\" srcset=\"https:\/\/www.buroperiodistico.com.mx\/wp-content\/uploads\/2022\/05\/ANTAD.jpeg 1024w, https:\/\/www.buroperiodistico.com.mx\/wp-content\/uploads\/2022\/05\/ANTAD-300x169.jpeg 300w, https:\/\/www.buroperiodistico.com.mx\/wp-content\/uploads\/2022\/05\/ANTAD-768x432.jpeg 768w\" sizes=\"auto, (max-width: 571px) 100vw, 571px\" \/>Guadalajara, Jalisco (17-Mayo-2022).-<\/strong><\/em> El secretario de Agricultura y Desarrollo Rural, V\u00edctor Villalobos Ar\u00e1mbula, llam\u00f3 a las tiendas de autoservicio y departamentales a cerrar filas en favor de la seguridad alimentaria del pa\u00eds, ante el actual ambiente de incertidumbre y volatilidad global.<\/p>\n<p>El objetivo es evitar factores nocivos que resultan doblemente perjudiciales en tiempos actuales, como la especulaci\u00f3n o el encarecimiento de productos sin justificaci\u00f3n razonable, expres\u00f3 al inaugurar la Expo Antad Alimentaria 2022 en Guadalajara, Jalisco.<\/p>\n<p>S\u00e9 que podemos asumir el compromiso de ser competitivos y no perder de vista la dimensi\u00f3n social de nuestra actuaci\u00f3n, anot\u00f3 el funcionario federal en el marco de la exposici\u00f3n internacional que concluir\u00e1 este jueves.<\/p>\n<p>Resalt\u00f3 que las cadenas de suministro y el sector detallista van muy de la mano con el sector agroalimentario, en virtud de la responsabilidad que tienen de garantizar el abasto de alimentos para todas y todos los mexicanos.<\/p>\n<p>Para ello, dijo, toman relevancia la uni\u00f3n de esfuerzos y las alianzas estrat\u00e9gicas entre los actores del sector, como qued\u00f3 demostrado con la respuesta a la convocatoria del presidente Andr\u00e9s Manuel L\u00f3pez Obrador para poner en marcha el Paquete contra la Inflaci\u00f3n y la Carest\u00eda (PACIC).<\/p>\n<p>Villalobos Ar\u00e1mbula reconoci\u00f3 la sensibilidad y solidaridad de los miembros de la Asociaci\u00f3n Nacional de Tiendas de Autoservicio y Departamentales (ANTAD), para sumarse a este paquete anti inflacionario.<\/p>\n<p>Su visi\u00f3n y compromiso son fundamentales para responder al pueblo de M\u00e9xico con acciones que permitan mantener sano el abasto y la comercializaci\u00f3n de alimentos en el pa\u00eds, con una capacidad operativa eficiente y sensible a todas las cadenas productivas, expres\u00f3.<\/p>\n<p>Reconocemos que son un importante eslab\u00f3n que cumple con todos los requerimientos establecidos en las leyes, que contribuye al fisco y que manifiesta una responsabilidad hacia el consumidor en aspectos econ\u00f3micos, de disponibilidad, de precio y de calidad, anot\u00f3.<\/p>\n<p>El titular de Agricultura asegur\u00f3 que es posible avanzar hacia la recuperaci\u00f3n econ\u00f3mica, si al mismo tiempo garantizamos el bienestar de la poblaci\u00f3n, en especial de los que menos tienen, y la seguridad alimentaria del pa\u00eds.<\/p>\n<p>El presidente de la ANTAD, Vicente Y\u00e1\u00f1ez Solloa, subray\u00f3 que este encuentro internacional se ha consolidado como punto estrat\u00e9gico de la cadena de abasto de bienes y servicios en M\u00e9xico y la plataforma de negocios m\u00e1s importante de Am\u00e9rica Latina.<\/p>\n<p>Indic\u00f3 que con el objetivo de fortalecer la capacidad de consumo de las familias, los asociados se han sumado al paquete contra la inflaci\u00f3n que propuso el gobierno de M\u00e9xico. Haremos esfuerzos, dijo, para ofrecer los mejores precios de los productos de la canasta b\u00e1sica que ha identificado el Gobierno federal como prioritarios.<\/p>\n<p>Resalt\u00f3 que industria y gobierno han construido un andamiaje institucional s\u00f3lido, que ampl\u00eda la productividad y la libre competencia, lo que incrementa las oportunidades para los productores y empresas mexicanas.<\/p>\n<p>Ya\u00f1ez Solloa hizo un reconocimiento a la Secretar\u00eda de Agricultura y al Servicio Nacional de Sanidad, Inocuidad y Calidad Agroalimentaria (Senasica) porque, gracias a las pol\u00edticas p\u00fablicas y a la soluci\u00f3n de regulaciones sanitarias, los asociados pueden ampliar su oferta de productos sanos e inocuos.<\/p>\n<p>El presidente municipal de Guadalajara, Jes\u00fas Lemus Navarro, indic\u00f3 que la ciudad se ha convertido en el hub log\u00edstico m\u00e1s importante de la regi\u00f3n occidente, principalmente para el transporte, clasificaci\u00f3n, expedici\u00f3n y distribuci\u00f3n de mercanc\u00edas agroalimentarias para el tr\u00e1nsito nacional e internacional.<\/p>\n<p>Subray\u00f3 la confianza de la ANTAD por celebrar por m\u00e1s de 35 a\u00f1os su magno evento en la capital jalisciense, la cual se suma a los m\u00e1s de mil 300 eventos culturales que se celebrar\u00e1n en Guadalajara durante el presente a\u00f1o.<\/p>\n<p>En representaci\u00f3n del Gobierno de Jalisco, Xavier Orendain de Obeso indic\u00f3 que debido a la cooperaci\u00f3n \u00absolidaria y contundente\u00bb entre los gobiernos federal y estatal con la industria, la entidad se ha posicionado como uno de los principales \u00abgigantes agroalimentarios\u00bb del pa\u00eds.<\/p>\n<p>El presidente del Consejo Coordinador Empresarial (CCE), Francisco Cervantes D\u00edaz, refiri\u00f3 que las cadenas afiliadas a la ANTAD, junto con los productores, fueron piezas clave para garantizar que durante la pandemia no faltaran alimentos en las mesas de los mexicanos.<\/p>\n<p>En la inauguraci\u00f3n estuvieron presentes el director en jefe del Senasica, Francisco Javier Trujillo Arriaga, y los representantes de la Secretar\u00eda de Econom\u00eda y de la Procuradur\u00eda Federal del Consumidor (Profeco), Ana Barbara Mungaray y V\u00edctor L\u00f3pez Aranda, respectivamente.<\/p>\n","protected":false},"excerpt":{"rendered":"<p>\u2022 El secretario de Agricultura y Desarrollo Rural, V\u00edctor Villalobos Ar\u00e1mbula, se\u00f1al\u00f3 que el compromiso&#8230;<\/p>\n","protected":false},"author":1,"featured_media":12377,"comment_status":"open","ping_status":"open","sticky":false,"template":"","format":"standard","meta":{"footnotes":"","jetpack_publicize_message":"","jetpack_publicize_feature_enabled":true,"jetpack_social_post_already_shared":false,"jetpack_social_options":{"image_generator_settings":{"template":"highway","default_image_id":0,"font":"","enabled":false},"version":2}},"categories":[11],"tags":[],"class_list":["post-12376","post","type-post","status-publish","format-standard","has-post-thumbnail","hentry","category-nacional"],"jetpack_publicize_connections":[],"_links":{"self":[{"href":"https:\/\/www.buroperiodistico.com.mx\/index.php?rest_route=\/wp\/v2\/posts\/12376","targetHints":{"allow":["GET"]}}],"collection":[{"href":"https:\/\/www.buroperiodistico.com.mx\/index.php?rest_route=\/wp\/v2\/posts"}],"about":[{"href":"https:\/\/www.buroperiodistico.com.mx\/index.php?rest_route=\/wp\/v2\/types\/post"}],"author":[{"embeddable":true,"href":"https:\/\/www.buroperiodistico.com.mx\/index.php?rest_route=\/wp\/v2\/users\/1"}],"replies":[{"embeddable":true,"href":"https:\/\/www.buroperiodistico.com.mx\/index.php?rest_route=%2Fwp%2Fv2%2Fcomments&post=12376"}],"version-history":[{"count":0,"href":"https:\/\/www.buroperiodistico.com.mx\/index.php?rest_route=\/wp\/v2\/posts\/12376\/revisions"}],"wp:featuredmedia":[{"embeddable":true,"href":"https:\/\/www.buroperiodistico.com.mx\/index.php?rest_route=\/wp\/v2\/media\/12377"}],"wp:attachment":[{"href":"https:\/\/www.buroperiodistico.com.mx\/index.php?rest_route=%2Fwp%2Fv2%2Fmedia&parent=12376"}],"wp:term":[{"taxonomy":"category","embeddable":true,"href":"https:\/\/www.buroperiodistico.com.mx\/index.php?rest_route=%2Fwp%2Fv2%2Fcategories&post=12376"},{"taxonomy":"post_tag","embeddable":true,"href":"https:\/\/www.buroperiodistico.com.mx\/index.php?rest_route=%2Fwp%2Fv2%2Ftags&post=12376"}],"curies":[{"name":"wp","href":"https:\/\/api.w.org\/{rel}","templated":true}]}}