{"id":12076,"date":"2022-05-13T21:59:43","date_gmt":"2022-05-14T03:59:43","guid":{"rendered":"https:\/\/www.buroperiodistico.com.mx\/?p=12076"},"modified":"2022-05-13T21:59:43","modified_gmt":"2022-05-14T03:59:43","slug":"el-campo-sera-la-columna-vertebral-de-mi-gobierno-americo","status":"publish","type":"post","link":"https:\/\/www.buroperiodistico.com.mx\/?p=12076","title":{"rendered":"El campo ser\u00e1 la columna vertebral de mi gobierno: Am\u00e9rico"},"content":{"rendered":"<p><em><strong><img loading=\"lazy\" decoding=\"async\" class=\"alignright  wp-image-12079\" src=\"https:\/\/www.buroperiodistico.com.mx\/wp-content\/uploads\/2022\/05\/AVACampo.jpeg\" alt=\"\" width=\"479\" height=\"273\" srcset=\"https:\/\/www.buroperiodistico.com.mx\/wp-content\/uploads\/2022\/05\/AVACampo.jpeg 1024w, https:\/\/www.buroperiodistico.com.mx\/wp-content\/uploads\/2022\/05\/AVACampo-300x171.jpeg 300w, https:\/\/www.buroperiodistico.com.mx\/wp-content\/uploads\/2022\/05\/AVACampo-768x437.jpeg 768w\" sizes=\"auto, (max-width: 479px) 100vw, 479px\" \/>R\u00cdO BRAVO, Tam (13-Mayo-2022).-<\/strong><\/em> El campo tamaulipeco ser\u00e1 la columna vertebral del gobierno del doctor Am\u00e9rico Villarreal Anaya, para que se genere una transici\u00f3n de econom\u00eda lineal a una circular y pase de ser productores primarios a secundarios y terciarios.<\/p>\n<p>En el marco del sexto Foro Democracia Participativa enfocado al sector Pecuario, coordinado por el doctor Jes\u00fas Lav\u00edn, el candidato com\u00fan a la gubernatura por los partidos Morena, PT y Verde Ecologista, destac\u00f3 que una de las prioridades ser\u00e1 invertir en el tema del agua para resolver la problem\u00e1tica de toda la franja fronteriza, adem\u00e1s de subsanar la deuda que se tiene con Estados Unidos y trabajar de la mano con los estados vecinos de Nuevo Le\u00f3n, Coahuila y Chihuahua.<\/p>\n<p>Ante especialistas del sector, el candidato de \u201cJuntos Hacemos Historia en Tamaulipas\u201d, dijo que en el gobierno de la transformaci\u00f3n lo m\u00e1s importante es generar las condiciones para esa transici\u00f3n de la econom\u00eda en la que los m\u00e1s vulnerables sean los m\u00e1s beneficiados.<\/p>\n<p>\u201cY as\u00ed traemos y vemos lo que podemos hacer e impulsar en esta gran columna vertebral que es el campo, la agricultura, la ganader\u00eda donde andamos explorando circunstancias de comercio para que los ganaderos tengan la certeza que hay punto final de venta\u201d, dijo.<\/p>\n<p>Y es que, de lo que se trata es de que constantemente los productores tengan d\u00f3nde comercializar sus productos. Que no tengan duda que los productores ya tienen compradores que les den un precio correcto\u201d.<\/p>\n<p>Afirm\u00f3 que en su gobierno es fundamental la democracia participativa y ver de manera conjunta la soluci\u00f3n a los problemas, por lo que se trabajar\u00e1 en conjunto en favor del campo y por ejemplo, contar con una agricultura sustentable que se aproveche al m\u00e1ximo y cambiar paradigmas para ello.<\/p>\n<p>\u201cEstamos atentos de promover, recuperar y cuidar los recursos naturales y dejar un legado a las pr\u00f3ximas generaciones, tener sustentabilidad y de esa forma seguir teniendo y construyendo esa econom\u00eda circular\u201d.<\/p>\n<p>Asegur\u00f3 que el campo es parte de sus pasiones, pues su padre el ingeniero Am\u00e9rico Villarreal Guerra, le ense\u00f1\u00f3 a tenerle respeto y amor, por lo que les asegur\u00f3 que contar\u00e1n con todo el apoyo para sacarlo adelante.<\/p>\n<p>Por su parte, el doctor Jes\u00fas Lav\u00edn, coordinador de los Foros, explic\u00f3 que lo m\u00e1s trascendente es hacer conciencia de la transici\u00f3n de la econom\u00eda primaria que estamos viviendo para pasar a la secundaria o terciaria.<\/p>\n<p>Adelant\u00f3 que faltan dos foros m\u00e1s y que estar\u00e1n enfocados en los temas de cultura y en el \u00faltimo, se integrar\u00e1 el Plan Tamaulipas que derivar\u00e1 el Plan Estatal de Desarrollo del gobierno de la transformaci\u00f3n.<\/p>\n<p><img loading=\"lazy\" decoding=\"async\" class=\"size-full wp-image-12077 aligncenter\" src=\"https:\/\/www.buroperiodistico.com.mx\/wp-content\/uploads\/2022\/05\/AVACampo-I.jpeg\" alt=\"\" width=\"640\" height=\"428\" srcset=\"https:\/\/www.buroperiodistico.com.mx\/wp-content\/uploads\/2022\/05\/AVACampo-I.jpeg 640w, https:\/\/www.buroperiodistico.com.mx\/wp-content\/uploads\/2022\/05\/AVACampo-I-300x201.jpeg 300w\" sizes=\"auto, (max-width: 640px) 100vw, 640px\" \/> <img loading=\"lazy\" decoding=\"async\" class=\"size-full wp-image-12078 aligncenter\" src=\"https:\/\/www.buroperiodistico.com.mx\/wp-content\/uploads\/2022\/05\/AVACampo-II.jpeg\" alt=\"\" width=\"640\" height=\"428\" srcset=\"https:\/\/www.buroperiodistico.com.mx\/wp-content\/uploads\/2022\/05\/AVACampo-II.jpeg 640w, https:\/\/www.buroperiodistico.com.mx\/wp-content\/uploads\/2022\/05\/AVACampo-II-300x201.jpeg 300w\" sizes=\"auto, (max-width: 640px) 100vw, 640px\" \/><\/p>\n","protected":false},"excerpt":{"rendered":"<p>R\u00cdO BRAVO, Tam (13-Mayo-2022).- El campo tamaulipeco ser\u00e1 la columna vertebral del gobierno del doctor&#8230;<\/p>\n","protected":false},"author":1,"featured_media":12079,"comment_status":"open","ping_status":"open","sticky":false,"template":"","format":"standard","meta":{"footnotes":"","jetpack_publicize_message":"","jetpack_publicize_feature_enabled":true,"jetpack_social_post_already_shared":false,"jetpack_social_options":{"image_generator_settings":{"template":"highway","default_image_id":0,"font":"","enabled":false},"version":2}},"categories":[25,13],"tags":[],"class_list":["post-12076","post","type-post","status-publish","format-standard","has-post-thumbnail","hentry","category-portada","category-riobravo"],"jetpack_publicize_connections":[],"_links":{"self":[{"href":"https:\/\/www.buroperiodistico.com.mx\/index.php?rest_route=\/wp\/v2\/posts\/12076","targetHints":{"allow":["GET"]}}],"collection":[{"href":"https:\/\/www.buroperiodistico.com.mx\/index.php?rest_route=\/wp\/v2\/posts"}],"about":[{"href":"https:\/\/www.buroperiodistico.com.mx\/index.php?rest_route=\/wp\/v2\/types\/post"}],"author":[{"embeddable":true,"href":"https:\/\/www.buroperiodistico.com.mx\/index.php?rest_route=\/wp\/v2\/users\/1"}],"replies":[{"embeddable":true,"href":"https:\/\/www.buroperiodistico.com.mx\/index.php?rest_route=%2Fwp%2Fv2%2Fcomments&post=12076"}],"version-history":[{"count":0,"href":"https:\/\/www.buroperiodistico.com.mx\/index.php?rest_route=\/wp\/v2\/posts\/12076\/revisions"}],"wp:featuredmedia":[{"embeddable":true,"href":"https:\/\/www.buroperiodistico.com.mx\/index.php?rest_route=\/wp\/v2\/media\/12079"}],"wp:attachment":[{"href":"https:\/\/www.buroperiodistico.com.mx\/index.php?rest_route=%2Fwp%2Fv2%2Fmedia&parent=12076"}],"wp:term":[{"taxonomy":"category","embeddable":true,"href":"https:\/\/www.buroperiodistico.com.mx\/index.php?rest_route=%2Fwp%2Fv2%2Fcategories&post=12076"},{"taxonomy":"post_tag","embeddable":true,"href":"https:\/\/www.buroperiodistico.com.mx\/index.php?rest_route=%2Fwp%2Fv2%2Ftags&post=12076"}],"curies":[{"name":"wp","href":"https:\/\/api.w.org\/{rel}","templated":true}]}}