{"id":10066,"date":"2022-04-27T15:41:53","date_gmt":"2022-04-27T21:41:53","guid":{"rendered":"https:\/\/www.buroperiodistico.com.mx\/?p=10066"},"modified":"2022-04-27T15:41:53","modified_gmt":"2022-04-27T21:41:53","slug":"sesiona-cdn-del-pan-en-reynosa-dan-su-respaldo-a-truko","status":"publish","type":"post","link":"https:\/\/www.buroperiodistico.com.mx\/?p=10066","title":{"rendered":"Sesiona CDN del PAN en Reynosa; dan su respaldo a Truko"},"content":{"rendered":"<ul>\n<li><strong><em>Reconoce Marko Cort\u00e9s a Truko como persona de trabajo, esfuerzo y capacidad<\/em><\/strong><\/li>\n<\/ul>\n<p><strong><img loading=\"lazy\" decoding=\"async\" class=\"alignright  wp-image-10069\" src=\"https:\/\/www.buroperiodistico.com.mx\/wp-content\/uploads\/2022\/04\/MarkoPAN.jpeg\" alt=\"\" width=\"464\" height=\"277\" srcset=\"https:\/\/www.buroperiodistico.com.mx\/wp-content\/uploads\/2022\/04\/MarkoPAN.jpeg 1024w, https:\/\/www.buroperiodistico.com.mx\/wp-content\/uploads\/2022\/04\/MarkoPAN-300x179.jpeg 300w, https:\/\/www.buroperiodistico.com.mx\/wp-content\/uploads\/2022\/04\/MarkoPAN-768x458.jpeg 768w\" sizes=\"auto, (max-width: 464px) 100vw, 464px\" \/>Reynosa, Tam (27-Abril-2022).-<\/strong> En un hecho in\u00e9dito, los dirigentes estatales del Partido Acci\u00f3n Nacional en el pa\u00eds, llevaron a cabo su sesi\u00f3n plenaria en esta ciudad, en la que cerraron filas con el candidato de la alianza Va por Tamaulipas, C\u00e9sar Augusto Ver\u00e1stegui Ostos.<\/p>\n<p>Durante este ejercicio se llev\u00f3 a cabo la evaluaci\u00f3n a los temas transcendentales de este organismo pol\u00edtico, que por primera vez en su historia realiz\u00f3 una sesi\u00f3n plenaria fuera de la ciudad de M\u00e9xico.<\/p>\n<p>Al hacer uso de la palabra el presidente nacional del PAN, Marko Cort\u00e9s Mendoza, destac\u00f3 las caracter\u00edsticas del C\u00e9sar Truko Ver\u00e1stegui, candidato a la gubernatura de Tamaulipas a quien reconoci\u00f3 como una persona de esfuerzo y con una capacidad comprobada para lograr metas.<\/p>\n<p>A\u00f1adi\u00f3 que est\u00e1n respaldando al Truko en lo que ha sido una campa\u00f1a que ha venido de menos a m\u00e1s y a la que diversas mediciones lo ponen en pleno crecimiento para ganar la gubernatura el pr\u00f3ximo 5 de junio.<\/p>\n<p>Asimismo, lo exhort\u00f3 a cuidar Tamaulipas \u201crecordemos cuando Tamaulipas era inseguro, cuando no se pod\u00eda desplazar de lo m\u00e1s violento del pa\u00eds, para eso es qu\u00e9 hay TRUKO, para resolver temas\u201d, y record\u00f3 que en estados donde gobierna MORENA las cosas van mal.<\/p>\n<p>La rueda de prensa, encabezada por el dirigente nacional, Marko Cort\u00e9s, el candidato C\u00e9sar Truko Ver\u00e1stegui, reiter\u00f3 que en su gobierno prevalecer\u00e1n los puentes de comunicaci\u00f3n con los alcaldes as\u00ed como con el Gobierno Federal porque el compromiso que tienen los pol\u00edticos es con el pueblo; tambi\u00e9n destac\u00f3 que en la entidad hay un antes y un despu\u00e9s en materia de seguridad p\u00fablica, \u201cla ventaja es que tengo una historia de trabajo, de retos y resultados, las otras dos personas -en el debate- ni siquiera se atrevieron hablar de la delincuencia organizada.<\/p>\n<p>Estuvieron presentes tambi\u00e9n, el presidente estatal Luis Ren\u00e9 Cant\u00fa quien entre otras personalidades nacionales y estatales manifestaron su apoyo a Truko, quien fue reconocido por la dirigencia nacional del PAN por la gran campa\u00f1a que est\u00e1 realizando en el estado.<\/p>\n<p>Ver\u00e1stegui Ostos tambi\u00e9n sostendr\u00e1 encuentros con sectores empresariales, educativos, sociedad civil, militantes y simpatizantes entre otros en este puerto fronterizo.<\/p>\n<p><img loading=\"lazy\" decoding=\"async\" class=\"size-full wp-image-10067 aligncenter\" src=\"https:\/\/www.buroperiodistico.com.mx\/wp-content\/uploads\/2022\/04\/MarkoPAN-I.jpeg\" alt=\"\" width=\"640\" height=\"426\" srcset=\"https:\/\/www.buroperiodistico.com.mx\/wp-content\/uploads\/2022\/04\/MarkoPAN-I.jpeg 640w, https:\/\/www.buroperiodistico.com.mx\/wp-content\/uploads\/2022\/04\/MarkoPAN-I-300x200.jpeg 300w\" sizes=\"auto, (max-width: 640px) 100vw, 640px\" \/> <img loading=\"lazy\" decoding=\"async\" class=\"size-full wp-image-10068 aligncenter\" src=\"https:\/\/www.buroperiodistico.com.mx\/wp-content\/uploads\/2022\/04\/MarkoPAN-II.jpeg\" alt=\"\" width=\"640\" height=\"426\" srcset=\"https:\/\/www.buroperiodistico.com.mx\/wp-content\/uploads\/2022\/04\/MarkoPAN-II.jpeg 640w, https:\/\/www.buroperiodistico.com.mx\/wp-content\/uploads\/2022\/04\/MarkoPAN-II-300x200.jpeg 300w\" sizes=\"auto, (max-width: 640px) 100vw, 640px\" \/><\/p>\n","protected":false},"excerpt":{"rendered":"<p>Reconoce Marko Cort\u00e9s a Truko como persona de trabajo, esfuerzo y capacidad Reynosa, Tam (27-Abril-2022).-&#8230;<\/p>\n","protected":false},"author":1,"featured_media":10069,"comment_status":"open","ping_status":"open","sticky":false,"template":"","format":"standard","meta":{"footnotes":"","jetpack_publicize_message":"","jetpack_publicize_feature_enabled":true,"jetpack_social_post_already_shared":false,"jetpack_social_options":{"image_generator_settings":{"template":"highway","default_image_id":0,"font":"","enabled":false},"version":2}},"categories":[9],"tags":[],"class_list":["post-10066","post","type-post","status-publish","format-standard","has-post-thumbnail","hentry","category-reynosa"],"jetpack_publicize_connections":[],"_links":{"self":[{"href":"https:\/\/www.buroperiodistico.com.mx\/index.php?rest_route=\/wp\/v2\/posts\/10066","targetHints":{"allow":["GET"]}}],"collection":[{"href":"https:\/\/www.buroperiodistico.com.mx\/index.php?rest_route=\/wp\/v2\/posts"}],"about":[{"href":"https:\/\/www.buroperiodistico.com.mx\/index.php?rest_route=\/wp\/v2\/types\/post"}],"author":[{"embeddable":true,"href":"https:\/\/www.buroperiodistico.com.mx\/index.php?rest_route=\/wp\/v2\/users\/1"}],"replies":[{"embeddable":true,"href":"https:\/\/www.buroperiodistico.com.mx\/index.php?rest_route=%2Fwp%2Fv2%2Fcomments&post=10066"}],"version-history":[{"count":0,"href":"https:\/\/www.buroperiodistico.com.mx\/index.php?rest_route=\/wp\/v2\/posts\/10066\/revisions"}],"wp:featuredmedia":[{"embeddable":true,"href":"https:\/\/www.buroperiodistico.com.mx\/index.php?rest_route=\/wp\/v2\/media\/10069"}],"wp:attachment":[{"href":"https:\/\/www.buroperiodistico.com.mx\/index.php?rest_route=%2Fwp%2Fv2%2Fmedia&parent=10066"}],"wp:term":[{"taxonomy":"category","embeddable":true,"href":"https:\/\/www.buroperiodistico.com.mx\/index.php?rest_route=%2Fwp%2Fv2%2Fcategories&post=10066"},{"taxonomy":"post_tag","embeddable":true,"href":"https:\/\/www.buroperiodistico.com.mx\/index.php?rest_route=%2Fwp%2Fv2%2Ftags&post=10066"}],"curies":[{"name":"wp","href":"https:\/\/api.w.org\/{rel}","templated":true}]}}